{"id":11039,"date":"2021-02-11T14:50:55","date_gmt":"2021-02-11T20:50:55","guid":{"rendered":"https:\/\/encuentroinformativo.com.mx\/?p=11039"},"modified":"2021-02-11T14:50:58","modified_gmt":"2021-02-11T20:50:58","slug":"sin-definir-alianza-para-xalapa-americo-zuniga","status":"publish","type":"post","link":"https:\/\/encuentroinformativo.com.mx\/?p=11039","title":{"rendered":"Sin definir alianza para Xalapa: Am\u00e9rico Z\u00fa\u00f1iga"},"content":{"rendered":"\n<p><strong>Dar\u00edo Pale <\/strong><\/p>\n\n\n\n<p>Xalapa, Ver.- Es necesario que se elija una plataforma de gobierno que si represente a los veracruzanos debido a que \u201cnuestra casa se est\u00e1 incendiando&#8221;, as\u00ed lo se\u00f1al\u00f3 el aspirante de la alianza &#8220;Va x M\u00e9xico&#8221; a la diputaci\u00f3n federal por el distrito 10 de Xalapa Urbano, Am\u00e9rico Zu\u00f1iga Mart\u00ednez.<\/p>\n\n\n\n<p>Entrevistado en las calles del centro de Xalapa, dio a conocer que con una oposici\u00f3n unida que represente a miles de ciudadanos que actualmente padecen por faltas en materia de salud se puede lograr un cambio que apoye a la ciudadan\u00eda ya que las circunstancias en el pa\u00eds se han vuelvo insostenibles.<\/p>\n\n\n\n<p>En lo que se refiere a la coalici\u00f3n en la capital del estado dio a conocer que debe definirse en pocos d\u00edas si la capital veracruzana estar\u00e1 dentro de la coalici\u00f3n para la presidencia municipal, sin embargo resalt\u00f3 que &#8220;es necesario que en Xalapa se cierre la alianza&#8221;.<\/p>\n\n\n\n<p>&#8220;Me parece que es muy importante hacer a un lado alg\u00fan tipo de diferencia, para concentrarnos en una altura de miras que nos signifique el estar todos en un mismo proyecto&#8221;, se\u00f1al\u00f3.<\/p>\n\n\n\n<p>Finalmente se dijo respetuoso del mecanismo en el que los grupos pol\u00edticos elijan para determinar a qu\u00e9 personaje y partido va a encabezar la coalici\u00f3n en Xalapa, pero puntualiz\u00f3 que deber hacerse a trav\u00e9s del di\u00e1logo y de la construcci\u00f3n de acuerdos.<\/p>\n","protected":false},"excerpt":{"rendered":"<p>Dar\u00edo Pale Xalapa, Ver.- Es necesario que se elija una plataforma de gobierno que si represente a los veracruzanos debido a que \u201cnuestra casa se est\u00e1 incendiando&#8221;, as\u00ed lo se\u00f1al\u00f3 el aspirante de la alianza &#8220;Va x M\u00e9xico&#8221; a la diputaci\u00f3n federal por el distrito 10 de Xalapa Urbano, Am\u00e9rico Zu\u00f1iga Mart\u00ednez. Entrevistado en las [&hellip;]<\/p>\n","protected":false},"author":1,"featured_media":11040,"comment_status":"open","ping_status":"open","sticky":false,"template":"","format":"standard","meta":{"_jetpack_memberships_contains_paid_content":false,"footnotes":""},"categories":[3],"tags":[],"class_list":["post-11039","post","type-post","status-publish","format-standard","has-post-thumbnail","hentry","category-xalapa"],"jetpack_featured_media_url":"https:\/\/encuentroinformativo.com.mx\/wp-content\/uploads\/2021\/02\/417A4BDE-BED7-4D4A-85A0-3783C81F1343.jpeg","jetpack_sharing_enabled":true,"jetpack_likes_enabled":true,"amp_enabled":true,"_links":{"self":[{"href":"https:\/\/encuentroinformativo.com.mx\/index.php?rest_route=\/wp\/v2\/posts\/11039","targetHints":{"allow":["GET"]}}],"collection":[{"href":"https:\/\/encuentroinformativo.com.mx\/index.php?rest_route=\/wp\/v2\/posts"}],"about":[{"href":"https:\/\/encuentroinformativo.com.mx\/index.php?rest_route=\/wp\/v2\/types\/post"}],"author":[{"embeddable":true,"href":"https:\/\/encuentroinformativo.com.mx\/index.php?rest_route=\/wp\/v2\/users\/1"}],"replies":[{"embeddable":true,"href":"https:\/\/encuentroinformativo.com.mx\/index.php?rest_route=%2Fwp%2Fv2%2Fcomments&post=11039"}],"version-history":[{"count":1,"href":"https:\/\/encuentroinformativo.com.mx\/index.php?rest_route=\/wp\/v2\/posts\/11039\/revisions"}],"predecessor-version":[{"id":11041,"href":"https:\/\/encuentroinformativo.com.mx\/index.php?rest_route=\/wp\/v2\/posts\/11039\/revisions\/11041"}],"wp:featuredmedia":[{"embeddable":true,"href":"https:\/\/encuentroinformativo.com.mx\/index.php?rest_route=\/wp\/v2\/media\/11040"}],"wp:attachment":[{"href":"https:\/\/encuentroinformativo.com.mx\/index.php?rest_route=%2Fwp%2Fv2%2Fmedia&parent=11039"}],"wp:term":[{"taxonomy":"category","embeddable":true,"href":"https:\/\/encuentroinformativo.com.mx\/index.php?rest_route=%2Fwp%2Fv2%2Fcategories&post=11039"},{"taxonomy":"post_tag","embeddable":true,"href":"https:\/\/encuentroinformativo.com.mx\/index.php?rest_route=%2Fwp%2Fv2%2Ftags&post=11039"}],"curies":[{"name":"wp","href":"https:\/\/api.w.org\/{rel}","templated":true}]}}