{"id":11047,"date":"2021-02-11T16:40:01","date_gmt":"2021-02-11T22:40:01","guid":{"rendered":"https:\/\/encuentroinformativo.com.mx\/?p=11047"},"modified":"2021-02-11T16:40:05","modified_gmt":"2021-02-11T22:40:05","slug":"protestan-en-poder-judicial-demandan-liberacion-de-joven","status":"publish","type":"post","link":"https:\/\/encuentroinformativo.com.mx\/?p=11047","title":{"rendered":"Protestan en Poder Judicial, demandan liberaci\u00f3n de joven"},"content":{"rendered":"\n<p><strong>Juan Arcos <\/strong><\/p>\n\n\n\n<p>Xalapa, Ver.- Un grupo de familiares del joven identificado con las iniciales J. C. Z. G. protest\u00f3 afuera de las instalaciones del Tribunal Superior de Justicia del Estado de Veracruz.<\/p>\n\n\n\n<p>Las personas sostuvieron lonas y pancartas donde se le\u00edan distintos mensajes, entre ellos: \u201cexigimos justicia para un ni\u00f1o inocente\u201d.<\/p>\n\n\n\n<p>En ese sentido, pidieron la intervenci\u00f3n de la magistrada presidenta del Poder Judicial en Veracruz, Isabel In\u00e9s Romero Cruz, para que el joven fuese liberado.<\/p>\n\n\n\n<p>Tambi\u00e9n solicitaron al juez que lleva el caso, Jairo L\u00f3pez M\u00e1rquez, que aplique correctamente la ley, pues insisten en que el joven es \u201cinocente\u201d.<\/p>\n\n\n\n<p>Posteriormente, fueron atendidos por personal del Poder Judicial del Estado para conocer sus inquietudes y brindar la asesor\u00eda correspondiente.<\/p>\n\n\n\n<p>Cabe mencionar que los quejosos no bloquearon la calle L\u00e1zaro C\u00e1rdenas; sin embargo, dijeron estar dispuestos a seguir protestando para exigir la liberaci\u00f3n de J. C. Z. G.<\/p>\n\n\n\n<p>La gente no proporcion\u00f3 informaci\u00f3n sobre la causa que deriv\u00f3 en la detenci\u00f3n y el encarcelamiento del joven.<\/p>\n","protected":false},"excerpt":{"rendered":"<p>Juan Arcos Xalapa, Ver.- Un grupo de familiares del joven identificado con las iniciales J. C. Z. G. protest\u00f3 afuera de las instalaciones del Tribunal Superior de Justicia del Estado de Veracruz. Las personas sostuvieron lonas y pancartas donde se le\u00edan distintos mensajes, entre ellos: \u201cexigimos justicia para un ni\u00f1o inocente\u201d. En ese sentido, pidieron [&hellip;]<\/p>\n","protected":false},"author":1,"featured_media":11048,"comment_status":"open","ping_status":"open","sticky":false,"template":"","format":"standard","meta":{"_jetpack_memberships_contains_paid_content":false,"footnotes":""},"categories":[3],"tags":[],"class_list":["post-11047","post","type-post","status-publish","format-standard","has-post-thumbnail","hentry","category-xalapa"],"jetpack_featured_media_url":"https:\/\/encuentroinformativo.com.mx\/wp-content\/uploads\/2021\/02\/F6C28A57-F033-40AB-8321-9297402F9163.jpeg","jetpack_sharing_enabled":true,"jetpack_likes_enabled":true,"amp_enabled":true,"_links":{"self":[{"href":"https:\/\/encuentroinformativo.com.mx\/index.php?rest_route=\/wp\/v2\/posts\/11047","targetHints":{"allow":["GET"]}}],"collection":[{"href":"https:\/\/encuentroinformativo.com.mx\/index.php?rest_route=\/wp\/v2\/posts"}],"about":[{"href":"https:\/\/encuentroinformativo.com.mx\/index.php?rest_route=\/wp\/v2\/types\/post"}],"author":[{"embeddable":true,"href":"https:\/\/encuentroinformativo.com.mx\/index.php?rest_route=\/wp\/v2\/users\/1"}],"replies":[{"embeddable":true,"href":"https:\/\/encuentroinformativo.com.mx\/index.php?rest_route=%2Fwp%2Fv2%2Fcomments&post=11047"}],"version-history":[{"count":1,"href":"https:\/\/encuentroinformativo.com.mx\/index.php?rest_route=\/wp\/v2\/posts\/11047\/revisions"}],"predecessor-version":[{"id":11049,"href":"https:\/\/encuentroinformativo.com.mx\/index.php?rest_route=\/wp\/v2\/posts\/11047\/revisions\/11049"}],"wp:featuredmedia":[{"embeddable":true,"href":"https:\/\/encuentroinformativo.com.mx\/index.php?rest_route=\/wp\/v2\/media\/11048"}],"wp:attachment":[{"href":"https:\/\/encuentroinformativo.com.mx\/index.php?rest_route=%2Fwp%2Fv2%2Fmedia&parent=11047"}],"wp:term":[{"taxonomy":"category","embeddable":true,"href":"https:\/\/encuentroinformativo.com.mx\/index.php?rest_route=%2Fwp%2Fv2%2Fcategories&post=11047"},{"taxonomy":"post_tag","embeddable":true,"href":"https:\/\/encuentroinformativo.com.mx\/index.php?rest_route=%2Fwp%2Fv2%2Ftags&post=11047"}],"curies":[{"name":"wp","href":"https:\/\/api.w.org\/{rel}","templated":true}]}}