{"id":11050,"date":"2021-02-12T12:55:26","date_gmt":"2021-02-12T18:55:26","guid":{"rendered":"https:\/\/encuentroinformativo.com.mx\/?p=11050"},"modified":"2021-02-12T12:55:29","modified_gmt":"2021-02-12T18:55:29","slug":"medellin-mellado-y-javier","status":"publish","type":"post","link":"https:\/\/encuentroinformativo.com.mx\/?p=11050","title":{"rendered":"Medell\u00edn, Mellado y Javier"},"content":{"rendered":"\n<p><strong>Los Pol\u00edticos<\/strong>\u00a0<\/p>\n\n\n\n<p><strong>Salvador Mu\u00f1oz<\/strong><\/p>\n\n\n\n<p>Medell\u00edn es un municipio que tiene su chiste, tan as\u00ed, que con tan s\u00f3lo citarlo, surja el nombre de Javier Herrera Borunda, referente del Partido Verde Ecologista de M\u00e9xico en Veracruz.<\/p>\n\n\n\n<p>El asunto para el Verde y para Javier Herrera son los motivos que hacen que Medell\u00edn haga ruido: el primero, era Marcos Isle\u00f1o; el segundo, el futuro de Marcos Isle\u00f1o.<\/p>\n\n\n\n<p>Es de todos sabido que tanto militantes de Partido del Trabajo como de Morena est\u00e1n de acuerdo que sea el PVEM el que encabece la postulaci\u00f3n del candidato en este municipio, pero no estaban de acuerdo que como precandidato apareciera Marcos Isle\u00f1o&nbsp; por reflejar violencia contra una mujer y por ser \u201cparte\u201d del duartismo.<\/p>\n\n\n\n<p>La soluci\u00f3n del Verde se bifurca:<\/p>\n\n\n\n<p>Primero, bajar a Marcos Isle\u00f1o como precandidato a la presidencia municipal\u2026<\/p>\n\n\n\n<p>Segundo: ubicarlo como candidato a diputado local.<\/p>\n\n\n\n<p>Para la alianza Morena-PT-PVEM, bajar a Isle\u00f1o no es problema y de cierto modo gana con el otro precandidato que suena para contender por la silla municipal: Luis Mellado.<\/p>\n\n\n\n<p>A diferencia de Isle\u00f1o, Mellado lo avala un modo honesto de vivir as\u00ed como su trabajo social a trav\u00e9s de Conectando Medell\u00edn.<\/p>\n\n\n\n<p>(Por cierto, hablando de Conectando, una de las \u00faltimas acciones en favor de los vecinos de Medell\u00edn, en especial en pro de las mujeres, es el facilitar 300 cr\u00e9ditos por tres mil pesos cada uno, para la venta de perfumes gracias a un convenio con la tienda LeFrance)<\/p>\n\n\n\n<p>As\u00ed, con el aval del PT, transitando con el Verde y en Morena sin ser mal visto, Luis Mellado se convierte en una opci\u00f3n ciudadana para esta alianza.<\/p>\n\n\n\n<p>La idea de llevar a Isle\u00f1o como candidato a diputado local obedece a dos razones:<\/p>\n\n\n\n<p>La primera) Magadaleno Rosales Torres<\/p>\n\n\n\n<p>La segunda) Polo Deschamps<\/p>\n\n\n\n<p>El primer punto se da porque si bien Maleno Rosales, actual diputado por este distrito, pudiera considerar la reelecci\u00f3n, al interior del Morena veracruzano no deja de ser visto como Chivo en Cristaler\u00eda al recordar que Leno, como tambi\u00e9n se le conoce, no se tienta el coraz\u00f3n si se trata de criticar a la Jucopo, a sus compa\u00f1eros de bancada o al mismo gobierno estatal\u2026 \u00a1vamos! No tiene pelos en la lengua. Isle\u00f1o podr\u00eda funcionar mejor para la forma de trabajar de Morena.<\/p>\n\n\n\n<p>El segundo punto obedece a que en la pasada contienda municipal, Polo Deschamps y Marcos Isle\u00f1o se confrontaron en algo m\u00e1s all\u00e1 de lo electoral, lo que ser\u00eda ponerle al panista una especie de marca personal.<\/p>\n\n\n\n<p>Al final, si el Verde resuelve favorablemente esta incomodidad que significa social y pol\u00edticamente la figura de Marcos Isle\u00f1o con un candidato ciudadano que la alianza Morena-PT-PVEM avala con Luis Mellado, podr\u00eda generar un buen inicio en su carrera electoral en este 2021, y de paso, para Javier Herrera, pero para el 2024\u2026 luego les cuento el porqu\u00e9.<\/p>\n\n\n\n<p><a>smcainito@gmail.com<\/a>&nbsp;<\/p>\n","protected":false},"excerpt":{"rendered":"<p>Los Pol\u00edticos\u00a0 Salvador Mu\u00f1oz Medell\u00edn es un municipio que tiene su chiste, tan as\u00ed, que con tan s\u00f3lo citarlo, surja el nombre de Javier Herrera Borunda, referente del Partido Verde Ecologista de M\u00e9xico en Veracruz. El asunto para el Verde y para Javier Herrera son los motivos que hacen que Medell\u00edn haga ruido: el primero, [&hellip;]<\/p>\n","protected":false},"author":1,"featured_media":70,"comment_status":"open","ping_status":"open","sticky":false,"template":"","format":"standard","meta":{"_jetpack_memberships_contains_paid_content":false,"footnotes":""},"categories":[11],"tags":[],"class_list":["post-11050","post","type-post","status-publish","format-standard","has-post-thumbnail","hentry","category-opinion"],"jetpack_featured_media_url":"https:\/\/encuentroinformativo.com.mx\/wp-content\/uploads\/2020\/02\/opinion-invitado.jpg","jetpack_sharing_enabled":true,"jetpack_likes_enabled":true,"amp_enabled":true,"_links":{"self":[{"href":"https:\/\/encuentroinformativo.com.mx\/index.php?rest_route=\/wp\/v2\/posts\/11050","targetHints":{"allow":["GET"]}}],"collection":[{"href":"https:\/\/encuentroinformativo.com.mx\/index.php?rest_route=\/wp\/v2\/posts"}],"about":[{"href":"https:\/\/encuentroinformativo.com.mx\/index.php?rest_route=\/wp\/v2\/types\/post"}],"author":[{"embeddable":true,"href":"https:\/\/encuentroinformativo.com.mx\/index.php?rest_route=\/wp\/v2\/users\/1"}],"replies":[{"embeddable":true,"href":"https:\/\/encuentroinformativo.com.mx\/index.php?rest_route=%2Fwp%2Fv2%2Fcomments&post=11050"}],"version-history":[{"count":1,"href":"https:\/\/encuentroinformativo.com.mx\/index.php?rest_route=\/wp\/v2\/posts\/11050\/revisions"}],"predecessor-version":[{"id":11051,"href":"https:\/\/encuentroinformativo.com.mx\/index.php?rest_route=\/wp\/v2\/posts\/11050\/revisions\/11051"}],"wp:featuredmedia":[{"embeddable":true,"href":"https:\/\/encuentroinformativo.com.mx\/index.php?rest_route=\/wp\/v2\/media\/70"}],"wp:attachment":[{"href":"https:\/\/encuentroinformativo.com.mx\/index.php?rest_route=%2Fwp%2Fv2%2Fmedia&parent=11050"}],"wp:term":[{"taxonomy":"category","embeddable":true,"href":"https:\/\/encuentroinformativo.com.mx\/index.php?rest_route=%2Fwp%2Fv2%2Fcategories&post=11050"},{"taxonomy":"post_tag","embeddable":true,"href":"https:\/\/encuentroinformativo.com.mx\/index.php?rest_route=%2Fwp%2Fv2%2Ftags&post=11050"}],"curies":[{"name":"wp","href":"https:\/\/api.w.org\/{rel}","templated":true}]}}