{"id":11052,"date":"2021-02-12T13:02:12","date_gmt":"2021-02-12T19:02:12","guid":{"rendered":"https:\/\/encuentroinformativo.com.mx\/?p=11052"},"modified":"2021-02-12T13:02:15","modified_gmt":"2021-02-12T19:02:15","slug":"constantino-aguilar-quiere-diputacion-por-morena","status":"publish","type":"post","link":"https:\/\/encuentroinformativo.com.mx\/?p=11052","title":{"rendered":"Constantino Aguilar quiere diputaci\u00f3n por Morena"},"content":{"rendered":"\n<p><strong>Dar\u00edo Pale <\/strong><\/p>\n\n\n\n<p>Xalapa, Ver.- Constantino Aguilar Aguilar buscar\u00e1 una candidatura a la diputaci\u00f3n federal por el partido Morena, esto despu\u00e9s de ser un\u00a0\u00a0exdirigente cenecista y ex priista.<\/p>\n\n\n\n<p>En conferencia de prensa realizada en conocido caf\u00e9 del centro de Xalapa se\u00f1al\u00f3 que,\u00a0&#8220;me identifico m\u00e1s con los partidos que est\u00e1n en la alianza Morena-PT-Verde porque est\u00e1n defendiendo el campo, yo defiendo una causa y me voy por la l\u00ednea con que m\u00e1s identifico&#8221;.<\/p>\n\n\n\n<p>Se\u00f1al\u00f3 que tiene cuatro a\u00f1os de representar el Consejo Nacional Independiente\u00a0 de Campesinos y Ecologistas de M\u00e9xico y aunque no quer\u00eda participar en pol\u00edtica, decidi\u00f3 inscribirse por Morena y espera ser favorecido en el m\u00e9todo de selecci\u00f3n por encuesta.<\/p>\n\n\n\n<p>Record\u00f3 que renunci\u00f3 a su militancia en el 2015, pero a\u00fan antes de eso, observ\u00f3 que el campo requer\u00eda pluralidad y por ello tambi\u00e9n tom\u00f3 la decisi\u00f3n de abandonar a su partido, adem\u00e1s de\u00a0que la organizaci\u00f3n que representa es de car\u00e1cter plural, totalmente independiente de los partidos.<\/p>\n\n\n\n<p>Aclar\u00f3 que no se ha afiliado a Morena, ser\u00e1 en caso de ganar la candidatura, un candidato externo,\u00a0&#8220;voy a esperar la encuesta, respetar\u00e9 la normatividad y los resultados&#8221;.<\/p>\n\n\n\n<p>Dio a conocer que la pol\u00edtica para el apoyo al campo en la presente administraci\u00f3n est\u00e1 siendo positivo, toda vez que ahora los apoyos se entregan de manera directa.<\/p>\n\n\n\n<p>&#8220;El campo se est\u00e1 apoyando, veo que est\u00e1n llegando a los cafetaleros, maiceros, los pescadores, mieleros que les va a llegar y se est\u00e1 apoyando con el cr\u00e9dito a la palabra&#8221;, finaliz\u00f3.<\/p>\n","protected":false},"excerpt":{"rendered":"<p>Dar\u00edo Pale Xalapa, Ver.- Constantino Aguilar Aguilar buscar\u00e1 una candidatura a la diputaci\u00f3n federal por el partido Morena, esto despu\u00e9s de ser un\u00a0\u00a0exdirigente cenecista y ex priista. En conferencia de prensa realizada en conocido caf\u00e9 del centro de Xalapa se\u00f1al\u00f3 que,\u00a0&#8220;me identifico m\u00e1s con los partidos que est\u00e1n en la alianza Morena-PT-Verde porque est\u00e1n defendiendo [&hellip;]<\/p>\n","protected":false},"author":1,"featured_media":11053,"comment_status":"open","ping_status":"open","sticky":false,"template":"","format":"standard","meta":{"_jetpack_memberships_contains_paid_content":false,"footnotes":""},"categories":[3],"tags":[],"class_list":["post-11052","post","type-post","status-publish","format-standard","has-post-thumbnail","hentry","category-xalapa"],"jetpack_featured_media_url":"https:\/\/encuentroinformativo.com.mx\/wp-content\/uploads\/2021\/02\/F97CE8FB-285F-44B3-93D1-CE74F924481B.jpeg","jetpack_sharing_enabled":true,"jetpack_likes_enabled":true,"amp_enabled":true,"_links":{"self":[{"href":"https:\/\/encuentroinformativo.com.mx\/index.php?rest_route=\/wp\/v2\/posts\/11052","targetHints":{"allow":["GET"]}}],"collection":[{"href":"https:\/\/encuentroinformativo.com.mx\/index.php?rest_route=\/wp\/v2\/posts"}],"about":[{"href":"https:\/\/encuentroinformativo.com.mx\/index.php?rest_route=\/wp\/v2\/types\/post"}],"author":[{"embeddable":true,"href":"https:\/\/encuentroinformativo.com.mx\/index.php?rest_route=\/wp\/v2\/users\/1"}],"replies":[{"embeddable":true,"href":"https:\/\/encuentroinformativo.com.mx\/index.php?rest_route=%2Fwp%2Fv2%2Fcomments&post=11052"}],"version-history":[{"count":2,"href":"https:\/\/encuentroinformativo.com.mx\/index.php?rest_route=\/wp\/v2\/posts\/11052\/revisions"}],"predecessor-version":[{"id":11055,"href":"https:\/\/encuentroinformativo.com.mx\/index.php?rest_route=\/wp\/v2\/posts\/11052\/revisions\/11055"}],"wp:featuredmedia":[{"embeddable":true,"href":"https:\/\/encuentroinformativo.com.mx\/index.php?rest_route=\/wp\/v2\/media\/11053"}],"wp:attachment":[{"href":"https:\/\/encuentroinformativo.com.mx\/index.php?rest_route=%2Fwp%2Fv2%2Fmedia&parent=11052"}],"wp:term":[{"taxonomy":"category","embeddable":true,"href":"https:\/\/encuentroinformativo.com.mx\/index.php?rest_route=%2Fwp%2Fv2%2Fcategories&post=11052"},{"taxonomy":"post_tag","embeddable":true,"href":"https:\/\/encuentroinformativo.com.mx\/index.php?rest_route=%2Fwp%2Fv2%2Ftags&post=11052"}],"curies":[{"name":"wp","href":"https:\/\/api.w.org\/{rel}","templated":true}]}}