{"id":11076,"date":"2021-02-12T15:40:13","date_gmt":"2021-02-12T21:40:13","guid":{"rendered":"https:\/\/encuentroinformativo.com.mx\/?p=11076"},"modified":"2021-02-12T15:40:16","modified_gmt":"2021-02-12T21:40:16","slug":"proxima-semana-entregaran-primer-tramo-de-ciclovia","status":"publish","type":"post","link":"https:\/\/encuentroinformativo.com.mx\/?p=11076","title":{"rendered":"Pr\u00f3xima semana, entregar\u00e1n primer tramo de ciclov\u00eda"},"content":{"rendered":"\n<p><strong>Dar\u00edo Pale <\/strong><\/p>\n\n\n\n<p>Xalapa, Ver.- La siguiente semana realizar\u00e1n la entrega del primero de los tres tramos que comprende la ciclov\u00eda en Ru\u00edz Cortines, as\u00ed lo inform\u00f3 el\u00a0jefe de Departamento de Movilidad Urbana, del ayuntamiento de Xalapa, Alfonso L\u00f3pez Pineda.<\/p>\n\n\n\n<p>Entrevistado en las afueras de palacio municipal, explic\u00f3 que los espacios estar\u00e1n debidamente se\u00f1alizados para el uso del carril de la bicicleta y el uso del carril para estacionamiento y\u00a0que ser\u00e1 en las curvas donde no se permitir\u00eda que el estacionamiento de veh\u00edculos, porque se requiere de mayor espacio para la maniobra de los veh\u00edculos, pero aclar\u00f3 que todav\u00eda est\u00e1n valorando si tendr\u00edan que hacer alg\u00fan espacio de estacionamiento.<\/p>\n\n\n\n<p>Respecto de la solicitud de un reglamento para Tr\u00e1nsito del Estado para la operaci\u00f3n de la ciclov\u00eda, refiri\u00f3 que la actual ley y el reglamento de Tr\u00e1nsito contemplan que algunos carriles pueden ser usados como ciclov\u00eda por lo que afirm\u00f3\u00a0que en dichos lugares se colocar\u00e1 la E con la diagonal, que prohibe el estacionamiento, ese solo se\u00f1alamiento le da facultades a la direcci\u00f3n de Tr\u00e1nsito del Estado para quitar cualquier veh\u00edculo.<\/p>\n\n\n\n<p>En torno a la colocaci\u00f3n de piedras, dijo que est\u00e1n en el proceso de construcci\u00f3n, pero se har\u00e1 una limpieza del espacio y parte de la raz\u00f3n de colocar piedras es para que la gente no se estacione y hagan la limpieza del carril.<\/p>\n\n\n\n<p>Agreg\u00f3 que se colocar\u00e1n avisos para las paradas de autobuses y los ciclistas que est\u00e9n por llegar a esas \u00e1reas, se detengan de manera total y permitan el ascenso y descenso en la parada.<\/p>\n\n\n\n<p>Finalmente, defini\u00f3 que a principios del mes de marzo entrar\u00e1 en vigor toda la ciclov\u00eda que abarca 10 kil\u00f3metros ya con se\u00f1alamientos.<\/p>\n","protected":false},"excerpt":{"rendered":"<p>Dar\u00edo Pale Xalapa, Ver.- La siguiente semana realizar\u00e1n la entrega del primero de los tres tramos que comprende la ciclov\u00eda en Ru\u00edz Cortines, as\u00ed lo inform\u00f3 el\u00a0jefe de Departamento de Movilidad Urbana, del ayuntamiento de Xalapa, Alfonso L\u00f3pez Pineda. Entrevistado en las afueras de palacio municipal, explic\u00f3 que los espacios estar\u00e1n debidamente se\u00f1alizados para el [&hellip;]<\/p>\n","protected":false},"author":1,"featured_media":11077,"comment_status":"open","ping_status":"open","sticky":false,"template":"","format":"standard","meta":{"_jetpack_memberships_contains_paid_content":false,"footnotes":""},"categories":[3],"tags":[],"class_list":["post-11076","post","type-post","status-publish","format-standard","has-post-thumbnail","hentry","category-xalapa"],"jetpack_featured_media_url":"https:\/\/encuentroinformativo.com.mx\/wp-content\/uploads\/2021\/02\/EB9A0DFD-7323-4064-A337-F5B5450B77E5.jpeg","jetpack_sharing_enabled":true,"jetpack_likes_enabled":true,"amp_enabled":true,"_links":{"self":[{"href":"https:\/\/encuentroinformativo.com.mx\/index.php?rest_route=\/wp\/v2\/posts\/11076","targetHints":{"allow":["GET"]}}],"collection":[{"href":"https:\/\/encuentroinformativo.com.mx\/index.php?rest_route=\/wp\/v2\/posts"}],"about":[{"href":"https:\/\/encuentroinformativo.com.mx\/index.php?rest_route=\/wp\/v2\/types\/post"}],"author":[{"embeddable":true,"href":"https:\/\/encuentroinformativo.com.mx\/index.php?rest_route=\/wp\/v2\/users\/1"}],"replies":[{"embeddable":true,"href":"https:\/\/encuentroinformativo.com.mx\/index.php?rest_route=%2Fwp%2Fv2%2Fcomments&post=11076"}],"version-history":[{"count":1,"href":"https:\/\/encuentroinformativo.com.mx\/index.php?rest_route=\/wp\/v2\/posts\/11076\/revisions"}],"predecessor-version":[{"id":11078,"href":"https:\/\/encuentroinformativo.com.mx\/index.php?rest_route=\/wp\/v2\/posts\/11076\/revisions\/11078"}],"wp:featuredmedia":[{"embeddable":true,"href":"https:\/\/encuentroinformativo.com.mx\/index.php?rest_route=\/wp\/v2\/media\/11077"}],"wp:attachment":[{"href":"https:\/\/encuentroinformativo.com.mx\/index.php?rest_route=%2Fwp%2Fv2%2Fmedia&parent=11076"}],"wp:term":[{"taxonomy":"category","embeddable":true,"href":"https:\/\/encuentroinformativo.com.mx\/index.php?rest_route=%2Fwp%2Fv2%2Fcategories&post=11076"},{"taxonomy":"post_tag","embeddable":true,"href":"https:\/\/encuentroinformativo.com.mx\/index.php?rest_route=%2Fwp%2Fv2%2Ftags&post=11076"}],"curies":[{"name":"wp","href":"https:\/\/api.w.org\/{rel}","templated":true}]}}