{"id":1108,"date":"2020-03-19T19:28:10","date_gmt":"2020-03-20T01:28:10","guid":{"rendered":"https:\/\/encuentroinformativo.com\/?p=1108"},"modified":"2020-03-19T19:28:13","modified_gmt":"2020-03-20T01:28:13","slug":"contencion-freno-festejos-a-san-jose","status":"publish","type":"post","link":"https:\/\/encuentroinformativo.com.mx\/?p=1108","title":{"rendered":"Contenci\u00f3n fren\u00f3 festejos a San Jos\u00e9"},"content":{"rendered":"\n<p><strong>Dar\u00edo Pale <\/strong><\/p>\n\n\n\n<p>Xalapa, Ver.- El padre Jos\u00e9 Juan S\u00e1nchez J\u00e1come p\u00e1rroco de la iglesia de San Jos\u00e9 dio a conocer que lamentablemente por la alerta que se est\u00e1 viviendo no podr\u00e1n celebrar al patrono de la iglesia Universal por lo que suspendieron varias actividades.<\/p>\n\n\n\n<p>Entrevistado posterior a la celebraci\u00f3n en la parroquia dio a conocer que la Iglesia de San Jos\u00e9 es la primera que se comenz\u00f3 a construir en Xalapa por lo que tiene un alt\u00edsimo valor hist\u00f3rico y espiritual porque es la madre de las iglesias cristianas y parroquiales que se fueron construyendo a lo largo de esos siglos.<\/p>\n\n\n\n<p>Por lo que se ha venido construyendo una comunidad cristiana que como se ha hecho en muchos lugares del mundo ha difundido la devoci\u00f3n al se\u00f1or San Jos\u00e9 que para ellos en un santo ejemplar es un modelo en la vida Cristina la iglesia lo ha elevado al honor de considerarlo el patrono de la Iglesia Universal y para ellos es un santo lleno de virtudes.<\/p>\n\n\n\n<p>Es un ejemplo de la vida es el hombre del silencio, de la prudencia y de la perseverancia, por lo que ha exhortado mucho a sus feligreses para que vivan esta fiesta que han tenido que abreviar mucho por la contingencia sanitaria, pero que la vivan con mucha intensidad y mucha pasi\u00f3n.<\/p>\n\n\n\n<p>Se\u00f1al\u00f3 que San Jos\u00e9 le a dado identidad a la zona centro de la ciudad, a lo que anteriormente se le conoc\u00eda como el barrio de Techacapa, pero con San Jos\u00e9 est\u00e1 relacionado el mercado, el cuartel, el primer pante\u00f3n por lo que es un lugar de gran devoci\u00f3n.<\/p>\n\n\n\n<p>Por \u00faltimo dio a conocer que lamentablemente se suspendieron varias actividades como lo son la peregrinaci\u00f3n, la Kerm\u00e9s y las actividades que se ten\u00edan programadas se realizar\u00e1n al aire libre y lo que se ten\u00eda planeado para el fin de semana se va a cancelar.<\/p>\n\n\n\n<p><\/p>\n\n\n\n<p><\/p>\n","protected":false},"excerpt":{"rendered":"<p>Dar\u00edo Pale Xalapa, Ver.- El padre Jos\u00e9 Juan S\u00e1nchez J\u00e1come p\u00e1rroco de la iglesia de San Jos\u00e9 dio a conocer que lamentablemente por la alerta que se est\u00e1 viviendo no podr\u00e1n celebrar al patrono de la iglesia Universal por lo que suspendieron varias actividades. Entrevistado posterior a la celebraci\u00f3n en la parroquia dio a conocer [&hellip;]<\/p>\n","protected":false},"author":1,"featured_media":1109,"comment_status":"open","ping_status":"open","sticky":false,"template":"","format":"standard","meta":{"_jetpack_memberships_contains_paid_content":false,"footnotes":""},"categories":[3],"tags":[],"class_list":["post-1108","post","type-post","status-publish","format-standard","has-post-thumbnail","hentry","category-xalapa"],"jetpack_featured_media_url":"https:\/\/encuentroinformativo.com.mx\/wp-content\/uploads\/2020\/03\/7478ADB2-3E01-4D71-8134-47F10CB1F942.jpeg","jetpack_sharing_enabled":true,"jetpack_likes_enabled":true,"amp_enabled":true,"_links":{"self":[{"href":"https:\/\/encuentroinformativo.com.mx\/index.php?rest_route=\/wp\/v2\/posts\/1108","targetHints":{"allow":["GET"]}}],"collection":[{"href":"https:\/\/encuentroinformativo.com.mx\/index.php?rest_route=\/wp\/v2\/posts"}],"about":[{"href":"https:\/\/encuentroinformativo.com.mx\/index.php?rest_route=\/wp\/v2\/types\/post"}],"author":[{"embeddable":true,"href":"https:\/\/encuentroinformativo.com.mx\/index.php?rest_route=\/wp\/v2\/users\/1"}],"replies":[{"embeddable":true,"href":"https:\/\/encuentroinformativo.com.mx\/index.php?rest_route=%2Fwp%2Fv2%2Fcomments&post=1108"}],"version-history":[{"count":1,"href":"https:\/\/encuentroinformativo.com.mx\/index.php?rest_route=\/wp\/v2\/posts\/1108\/revisions"}],"predecessor-version":[{"id":1110,"href":"https:\/\/encuentroinformativo.com.mx\/index.php?rest_route=\/wp\/v2\/posts\/1108\/revisions\/1110"}],"wp:featuredmedia":[{"embeddable":true,"href":"https:\/\/encuentroinformativo.com.mx\/index.php?rest_route=\/wp\/v2\/media\/1109"}],"wp:attachment":[{"href":"https:\/\/encuentroinformativo.com.mx\/index.php?rest_route=%2Fwp%2Fv2%2Fmedia&parent=1108"}],"wp:term":[{"taxonomy":"category","embeddable":true,"href":"https:\/\/encuentroinformativo.com.mx\/index.php?rest_route=%2Fwp%2Fv2%2Fcategories&post=1108"},{"taxonomy":"post_tag","embeddable":true,"href":"https:\/\/encuentroinformativo.com.mx\/index.php?rest_route=%2Fwp%2Fv2%2Ftags&post=1108"}],"curies":[{"name":"wp","href":"https:\/\/api.w.org\/{rel}","templated":true}]}}