{"id":11087,"date":"2021-02-13T12:56:07","date_gmt":"2021-02-13T18:56:07","guid":{"rendered":"https:\/\/encuentroinformativo.com.mx\/?p=11087"},"modified":"2021-02-13T12:56:10","modified_gmt":"2021-02-13T18:56:10","slug":"metoo-en-veracruz","status":"publish","type":"post","link":"https:\/\/encuentroinformativo.com.mx\/?p=11087","title":{"rendered":"#MeToo en Veracruz"},"content":{"rendered":"\n<p><strong>N\u00fameros Rojos<\/strong><\/p>\n\n\n\n<p><strong>Brenda Caballero<\/strong><\/p>\n\n\n\n<p>\u201cMi nombre es Carmen, originaria del sur del estado de Veracruz, tambi\u00e9n agraviada del se\u00f1or Manuel Huerta Ladr\u00f3n de Guevara. Hace unos a\u00f1os conoc\u00ed al se\u00f1or Manuel Huerta en una campa\u00f1a pol\u00edtica del PT, para la alcald\u00eda de mi municipio. Este se\u00f1or me hablaba y me hac\u00eda preguntas personales, diciendo que pod\u00eda ayudarme a conocer el mundo y abrirme las puertas a cambio de favores. Me dijo que me ofrec\u00eda su amistad; pero un d\u00eda, aprovech\u00e1ndose de que est\u00e1bamos solos en su camioneta, me toc\u00f3 las piernas lascivamente e intent\u00f3 violarme, gracias a Dios sin \u00e9xito. Despu\u00e9s se acercaba a m\u00ed para persuadirme que si comentaba algo me ir\u00eda mal&#8230; desgraciadamente estaba muy chica y por miedo me qued\u00e9 callada, pero hoy quiero aprovechar igualmente para invitarlas a levantar la voz\u201d.<\/p>\n\n\n\n<p>Son las palabras de una mujer que hace un video de casi un minuto que circula en redes sociales junto con la portada de la denuncia de hechos sellada en la Fiscal\u00eda General del Estado con fecha 11 de febrero de 2021.<\/p>\n\n\n\n<p>El primer pensamiento es que estamos en \u00e9poca electoral y se puede interpretar como &#8220;guerra sucia&#8221;; sin embargo, debemos pensar m\u00e1s all\u00e1&#8230; en las mujeres que son las v\u00edctimas.Las mujeres est\u00e1n levantando la voz y est\u00e1n denunciando acoso sexual, psicol\u00f3gico. En el caso de Manuel Huerta Ladr\u00f3n de Guevara, Delegado de Bienestar en Veracruz, hasta probable violaci\u00f3n.<\/p>\n\n\n\n<p>As\u00ed lo manifest\u00f3 Martha, en octubre del a\u00f1o pasado, en rueda de prensa, quien tambi\u00e9n denunci\u00f3 violaci\u00f3n y amenazas por parte del delegado, dando a conocer el n\u00famero 254\/2020 de la carpeta de investigaci\u00f3n.<\/p>\n\n\n\n<p>La noticia escal\u00f3 a nivel federal, pero todo indica que a casi 4 meses, no hay avances ni investigaci\u00f3n. Caso estancado\u2026 \u00bfcongelado? \u00bfPara qu\u00e9 denunciamos si al final no pasar\u00e1 nada?Si bien dijera Olga S\u00e1nchez Cordero, est\u00e1 la presunci\u00f3n de inocencia, refiri\u00e9ndose al caso de F\u00e9lix Salgado Macedonio, acusado por 5 mujeres como agresor sexual sin que al momento exista sentencia alguna, causal de impedimento para que fuera candidato a la Gubernatura de Guerrero.<\/p>\n\n\n\n<p>En Veracruz, por el momento, Huerta no es candidato a un puesto de elecci\u00f3n popular, pero s\u00ed opera los programas sociales del Presidente Andr\u00e9s Manuel L\u00f3pez Obrador para el estado de Veracruz.<\/p>\n\n\n\n<p>Es grav\u00edsimo ver que se acumulan los relatos de Carmen y Martha, porque ninguna mujer merece ser violentada, acosada sexualmente o ultrajada, ni debe vivir as\u00ed, con miedo y con la total indiferencia de las autoridades que debieran salvaguardarlas. \u00bfAcaso volver\u00e1n a congelar este otro caso desde la Fiscal\u00eda del Estado?Ojal\u00e1 las voces de Carmen y Martha sirvan de ejemplo a otras mujeres para que alcen la voz, para que denuncien a otros varones que buscan un cargo p\u00fablico en este proceso electoral 2021. Que se haga un MeToo en Veracruz contra hombres que violentan mujeres y aspiran a un cargo de elecci\u00f3n popular. Porque las mujeres no queremos agresores en el poder. No queremos que queden en la impunidad violadores o golpeadores de mujeres.<\/p>\n\n\n\n<p>El caso de Huerta no es el \u00fanico en Veracruz, tambi\u00e9n est\u00e1 el precandidato Marcos Isle\u00f1o, quien fue rechazado recientemente por mujeres del PT por la golpiza que dio hace unos a\u00f1os a su hoy ex pareja. Y volvemos a lo mismo, seguramente Javier Herrera Borunda, dirigente del Partido Verde en Veracruz responder\u00e1 que como no hay sentencia, pues es un presunto inocente.Ojal\u00e1 que las otras dos mujeres que fueron golpeadas por Isle\u00f1o, dejen de tener miedo y levanten la voz.<\/p>\n\n\n\n<p>Es tiempo de MeToo en Veracruz, es tiempo de decirle a las veracruzanas \u00a1Yo s\u00ed te creo!<\/p>\n\n\n\n<p><br>@NumerosRojos_BC<\/p>\n\n\n\n<p><a rel=\"noreferrer noopener\" href=\"mailto:caballero_brenda@hotmail.com\" target=\"_blank\">caballero_brenda@hotmail.com<\/a><\/p>\n","protected":false},"excerpt":{"rendered":"<p>N\u00fameros Rojos Brenda Caballero \u201cMi nombre es Carmen, originaria del sur del estado de Veracruz, tambi\u00e9n agraviada del se\u00f1or Manuel Huerta Ladr\u00f3n de Guevara. Hace unos a\u00f1os conoc\u00ed al se\u00f1or Manuel Huerta en una campa\u00f1a pol\u00edtica del PT, para la alcald\u00eda de mi municipio. Este se\u00f1or me hablaba y me hac\u00eda preguntas personales, diciendo que [&hellip;]<\/p>\n","protected":false},"author":1,"featured_media":70,"comment_status":"open","ping_status":"open","sticky":false,"template":"","format":"standard","meta":{"_jetpack_memberships_contains_paid_content":false,"footnotes":""},"categories":[11],"tags":[],"class_list":["post-11087","post","type-post","status-publish","format-standard","has-post-thumbnail","hentry","category-opinion"],"jetpack_featured_media_url":"https:\/\/encuentroinformativo.com.mx\/wp-content\/uploads\/2020\/02\/opinion-invitado.jpg","jetpack_sharing_enabled":true,"jetpack_likes_enabled":true,"amp_enabled":true,"_links":{"self":[{"href":"https:\/\/encuentroinformativo.com.mx\/index.php?rest_route=\/wp\/v2\/posts\/11087","targetHints":{"allow":["GET"]}}],"collection":[{"href":"https:\/\/encuentroinformativo.com.mx\/index.php?rest_route=\/wp\/v2\/posts"}],"about":[{"href":"https:\/\/encuentroinformativo.com.mx\/index.php?rest_route=\/wp\/v2\/types\/post"}],"author":[{"embeddable":true,"href":"https:\/\/encuentroinformativo.com.mx\/index.php?rest_route=\/wp\/v2\/users\/1"}],"replies":[{"embeddable":true,"href":"https:\/\/encuentroinformativo.com.mx\/index.php?rest_route=%2Fwp%2Fv2%2Fcomments&post=11087"}],"version-history":[{"count":1,"href":"https:\/\/encuentroinformativo.com.mx\/index.php?rest_route=\/wp\/v2\/posts\/11087\/revisions"}],"predecessor-version":[{"id":11088,"href":"https:\/\/encuentroinformativo.com.mx\/index.php?rest_route=\/wp\/v2\/posts\/11087\/revisions\/11088"}],"wp:featuredmedia":[{"embeddable":true,"href":"https:\/\/encuentroinformativo.com.mx\/index.php?rest_route=\/wp\/v2\/media\/70"}],"wp:attachment":[{"href":"https:\/\/encuentroinformativo.com.mx\/index.php?rest_route=%2Fwp%2Fv2%2Fmedia&parent=11087"}],"wp:term":[{"taxonomy":"category","embeddable":true,"href":"https:\/\/encuentroinformativo.com.mx\/index.php?rest_route=%2Fwp%2Fv2%2Fcategories&post=11087"},{"taxonomy":"post_tag","embeddable":true,"href":"https:\/\/encuentroinformativo.com.mx\/index.php?rest_route=%2Fwp%2Fv2%2Ftags&post=11087"}],"curies":[{"name":"wp","href":"https:\/\/api.w.org\/{rel}","templated":true}]}}