{"id":11089,"date":"2021-02-13T13:08:31","date_gmt":"2021-02-13T19:08:31","guid":{"rendered":"https:\/\/encuentroinformativo.com.mx\/?p=11089"},"modified":"2021-02-13T13:08:34","modified_gmt":"2021-02-13T19:08:34","slug":"no-habra-alta-afluencia-en-moteles-de-veracruz-por-14-de-febrero-cometur","status":"publish","type":"post","link":"https:\/\/encuentroinformativo.com.mx\/?p=11089","title":{"rendered":"No habr\u00e1 alta afluencia en moteles de Veracruz por 14 de febrero: COMETUR"},"content":{"rendered":"\n<p><strong>Alejandro \u00c1vila<\/strong><\/p>\n\n\n\n<p>Veracruz, Ver.- El servicio de motel va ligado a la actividad econ\u00f3mica en general, ya que m\u00e1s que turismo se registra como consumo, por lo que este rubro se ha visto severamente afectados en sus ventas desde que inici\u00f3 la contingencia sanitaria, inform\u00f3 el presidente del Consejo Metropolitano de Turismo (COMETUR) de Veracruz, Sergio Lois Heredia.<\/p>\n\n\n\n<p>Los n\u00fameros que arroja la Asociaci\u00f3n de Hoteles y Moteles en la zona conurbada Veracruz &#8211; Boca del R\u00edo, no son alentadores, pues se ha disminuido considerablemente su ocupaci\u00f3n, situaci\u00f3n que tambi\u00e9n afectar\u00e1 este 14 de febrero.<\/p>\n\n\n\n<p>&#8220;Para este 14 de febrero, la realidad es que tampoco se espera una afluencia como en otros a\u00f1os, creo que lo podemos estar observando en lugares como los restaurantes, los bares, donde este consumo va ligado a lo mismo, pues la afluencia no va a ser la misma, y por consiguiente tampoco en los moteles, y la realidad es que no se est\u00e1 esperando que haya una gran afluencia&#8221;, apunt\u00f3.<\/p>\n\n\n\n<p>Lois Heredia, detall\u00f3 que en otros a\u00f1os, la fecha del 14 de febrero incrementaba en un 30 por ciento la asistencia a este lugar de esparcimiento, situaci\u00f3n que evidentemente no suceder\u00e1 en 2021.<\/p>\n\n\n\n<p>Finalmente y en otro tema, expuso que si bien este fin de semana es &#8220;quincena&#8221;, no se espera tampoco un repunte en la ocupaci\u00f3n hotelera, y resalt\u00f3 que de finales de enero y principios de febrero el registro en hoteles ha resultado &#8220;muy flojo&#8221;.<\/p>\n","protected":false},"excerpt":{"rendered":"<p>Alejandro \u00c1vila Veracruz, Ver.- El servicio de motel va ligado a la actividad econ\u00f3mica en general, ya que m\u00e1s que turismo se registra como consumo, por lo que este rubro se ha visto severamente afectados en sus ventas desde que inici\u00f3 la contingencia sanitaria, inform\u00f3 el presidente del Consejo Metropolitano de Turismo (COMETUR) de Veracruz, [&hellip;]<\/p>\n","protected":false},"author":1,"featured_media":11090,"comment_status":"open","ping_status":"open","sticky":false,"template":"","format":"standard","meta":{"_jetpack_memberships_contains_paid_content":false,"footnotes":""},"categories":[2],"tags":[],"class_list":["post-11089","post","type-post","status-publish","format-standard","has-post-thumbnail","hentry","category-estado"],"jetpack_featured_media_url":"https:\/\/encuentroinformativo.com.mx\/wp-content\/uploads\/2021\/02\/676FB5AA-C832-4229-9316-2FA946F58F17.jpeg","jetpack_sharing_enabled":true,"jetpack_likes_enabled":true,"amp_enabled":true,"_links":{"self":[{"href":"https:\/\/encuentroinformativo.com.mx\/index.php?rest_route=\/wp\/v2\/posts\/11089","targetHints":{"allow":["GET"]}}],"collection":[{"href":"https:\/\/encuentroinformativo.com.mx\/index.php?rest_route=\/wp\/v2\/posts"}],"about":[{"href":"https:\/\/encuentroinformativo.com.mx\/index.php?rest_route=\/wp\/v2\/types\/post"}],"author":[{"embeddable":true,"href":"https:\/\/encuentroinformativo.com.mx\/index.php?rest_route=\/wp\/v2\/users\/1"}],"replies":[{"embeddable":true,"href":"https:\/\/encuentroinformativo.com.mx\/index.php?rest_route=%2Fwp%2Fv2%2Fcomments&post=11089"}],"version-history":[{"count":1,"href":"https:\/\/encuentroinformativo.com.mx\/index.php?rest_route=\/wp\/v2\/posts\/11089\/revisions"}],"predecessor-version":[{"id":11091,"href":"https:\/\/encuentroinformativo.com.mx\/index.php?rest_route=\/wp\/v2\/posts\/11089\/revisions\/11091"}],"wp:featuredmedia":[{"embeddable":true,"href":"https:\/\/encuentroinformativo.com.mx\/index.php?rest_route=\/wp\/v2\/media\/11090"}],"wp:attachment":[{"href":"https:\/\/encuentroinformativo.com.mx\/index.php?rest_route=%2Fwp%2Fv2%2Fmedia&parent=11089"}],"wp:term":[{"taxonomy":"category","embeddable":true,"href":"https:\/\/encuentroinformativo.com.mx\/index.php?rest_route=%2Fwp%2Fv2%2Fcategories&post=11089"},{"taxonomy":"post_tag","embeddable":true,"href":"https:\/\/encuentroinformativo.com.mx\/index.php?rest_route=%2Fwp%2Fv2%2Ftags&post=11089"}],"curies":[{"name":"wp","href":"https:\/\/api.w.org\/{rel}","templated":true}]}}