{"id":11092,"date":"2021-02-13T13:15:01","date_gmt":"2021-02-13T19:15:01","guid":{"rendered":"https:\/\/encuentroinformativo.com.mx\/?p=11092"},"modified":"2021-02-13T13:15:04","modified_gmt":"2021-02-13T19:15:04","slug":"hijo-de-florisel-rios-buscara-alcaldia-de-jamapa","status":"publish","type":"post","link":"https:\/\/encuentroinformativo.com.mx\/?p=11092","title":{"rendered":"Hijo de Florisel R\u00edos buscar\u00e1 alcald\u00eda de Jamapa"},"content":{"rendered":"\n<p><strong>Alejandro \u00c1vila<\/strong><\/p>\n\n\n\n<p>Jamapa, Ver.- A trav\u00e9s de un video en redes sociales, Brandon R\u00edos, anunci\u00f3 que se inscribi\u00f3 como pre candidato a la presidencia municipal de Jamapa por el partido Redes Sociales Progresistas.<\/p>\n\n\n\n<p>El jov\u00e9n es el segundo hijo de la ex alcaldesa de Jamapa, Florisel R\u00edos Delf\u00edn, asesinada el pasado 11 de noviembre en 2020 en la localidad de Ixcoalco en el municipio de Medell\u00edn de Bravo; su padre, Fernando &#8220;N&#8221;, fue detenido hace unos d\u00edas, y enfrente un proceso penal por el presunto delito de peculado.<\/p>\n\n\n\n<p>Brandon Hern\u00e1ndez R\u00edos, egresado de la licenciatura en derecho en la Univerdad Cristobal Col\u00f3n, fue objeto de criticas en 2020, cuando fue evidenciado por los jamape\u00f1os, del derroche que hizo en el Carnaval de Veracruz, pues pag\u00f3 una habitaci\u00f3n en el hotel Emporio del puerto de Veracruz con vista a la macro plaza del malec\u00f3n y compr\u00f3 un vasto arsenal de bebidas alcoholicas para disfrutar de los conciertos masivos; todo esto lo presumio en las historias de su cuenta personal de Instagram.<\/p>\n\n\n\n<p>Su hermana mayor, Itzayana Hern\u00e1ndez R\u00edos, fue la directora del DIF Municipal de Jamapa durante la administraci\u00f3n de su madre, pero decidi\u00f3 renunciar al cargo apenas en enero pasado, argumentando otros proyectos personales.<\/p>\n\n\n\n<p>El video muestra a un joven encargandose de las actividades de su rancho y se\u00f1ala, &#8220;el mundo cambia con nuestro ejemplo, no con nuestra opini\u00f3n&#8221;, as\u00ed como lo que se presume ser\u00e1 su lema de campa\u00f1a, &#8220;Jamapa, esta va por nosotros&#8221;.<\/p>\n","protected":false},"excerpt":{"rendered":"<p>Alejandro \u00c1vila Jamapa, Ver.- A trav\u00e9s de un video en redes sociales, Brandon R\u00edos, anunci\u00f3 que se inscribi\u00f3 como pre candidato a la presidencia municipal de Jamapa por el partido Redes Sociales Progresistas. El jov\u00e9n es el segundo hijo de la ex alcaldesa de Jamapa, Florisel R\u00edos Delf\u00edn, asesinada el pasado 11 de noviembre en [&hellip;]<\/p>\n","protected":false},"author":1,"featured_media":11093,"comment_status":"open","ping_status":"open","sticky":false,"template":"","format":"standard","meta":{"_jetpack_memberships_contains_paid_content":false,"footnotes":""},"categories":[2],"tags":[],"class_list":["post-11092","post","type-post","status-publish","format-standard","has-post-thumbnail","hentry","category-estado"],"jetpack_featured_media_url":"https:\/\/encuentroinformativo.com.mx\/wp-content\/uploads\/2021\/02\/EB3A3876-B30D-4F77-968A-7DA06BD189ED.jpeg","jetpack_sharing_enabled":true,"jetpack_likes_enabled":true,"amp_enabled":true,"_links":{"self":[{"href":"https:\/\/encuentroinformativo.com.mx\/index.php?rest_route=\/wp\/v2\/posts\/11092","targetHints":{"allow":["GET"]}}],"collection":[{"href":"https:\/\/encuentroinformativo.com.mx\/index.php?rest_route=\/wp\/v2\/posts"}],"about":[{"href":"https:\/\/encuentroinformativo.com.mx\/index.php?rest_route=\/wp\/v2\/types\/post"}],"author":[{"embeddable":true,"href":"https:\/\/encuentroinformativo.com.mx\/index.php?rest_route=\/wp\/v2\/users\/1"}],"replies":[{"embeddable":true,"href":"https:\/\/encuentroinformativo.com.mx\/index.php?rest_route=%2Fwp%2Fv2%2Fcomments&post=11092"}],"version-history":[{"count":1,"href":"https:\/\/encuentroinformativo.com.mx\/index.php?rest_route=\/wp\/v2\/posts\/11092\/revisions"}],"predecessor-version":[{"id":11094,"href":"https:\/\/encuentroinformativo.com.mx\/index.php?rest_route=\/wp\/v2\/posts\/11092\/revisions\/11094"}],"wp:featuredmedia":[{"embeddable":true,"href":"https:\/\/encuentroinformativo.com.mx\/index.php?rest_route=\/wp\/v2\/media\/11093"}],"wp:attachment":[{"href":"https:\/\/encuentroinformativo.com.mx\/index.php?rest_route=%2Fwp%2Fv2%2Fmedia&parent=11092"}],"wp:term":[{"taxonomy":"category","embeddable":true,"href":"https:\/\/encuentroinformativo.com.mx\/index.php?rest_route=%2Fwp%2Fv2%2Fcategories&post=11092"},{"taxonomy":"post_tag","embeddable":true,"href":"https:\/\/encuentroinformativo.com.mx\/index.php?rest_route=%2Fwp%2Fv2%2Ftags&post=11092"}],"curies":[{"name":"wp","href":"https:\/\/api.w.org\/{rel}","templated":true}]}}