{"id":11136,"date":"2021-02-15T12:46:07","date_gmt":"2021-02-15T18:46:07","guid":{"rendered":"https:\/\/encuentroinformativo.com.mx\/?p=11136"},"modified":"2021-02-20T17:17:20","modified_gmt":"2021-02-20T23:17:20","slug":"da-inicio-vacunacion-para-adultos-mayores","status":"publish","type":"post","link":"https:\/\/encuentroinformativo.com.mx\/?p=11136","title":{"rendered":"Da inicio vacunaci\u00f3n para adultos mayores"},"content":{"rendered":"\n<p><strong>Dar\u00edo Pale <\/strong><\/p>\n\n\n\n<p>Xalapa, Ver.- Este lunes se aplic\u00f3 la primera vacuna de AstraZeneca al se\u00f1or Juan Rodr\u00edguez, del municipio de Puente Nacional, seguir\u00e1 Ignacio de la Llave hasta completar los 22 municipios que se anunciaron este domingo, as\u00ed lo inform\u00f3 el&nbsp;secretario de Salud, Roberto Ramos Alor.<\/p>\n\n\n\n<p>En su mensaje previo a la aplicaci\u00f3n de la vacuna contra el COVID-19, puntualiz\u00f3 que de esa inmunizaci\u00f3n tambi\u00e9n se deber\u00e1n aplicar dos dosis y para el municipio de Puente Nacional, se aplicar\u00e1n 3 mil 620 dosis, y el\u00a0siguiente municipio donde aplicar\u00e1 la vacuna, ser\u00e1 el de Manlio Fabio Altamirano, seguido de Ignacio de la Llave,\u00a0&#8220;en total tenemos 10 mil 730 vacunas para iniciar con esos municipios&#8221;.<\/p>\n\n\n\n<p>Detall\u00f3 que los 22 municipios donde se aplicar\u00e1 la vacuna AstraZeneca ser\u00e1n: Plat\u00f3n S\u00e1nchez, El Higo, Castillo de Teayo, Coatzintla, Jalacingo, Vega de Alatorre, Acajete, Teocelo, Atoyac, Omealca, Calcahualco, Aquila, Puente Nacional, Ignacio de la Llave, Manlio Fabio Altamirano, Chacaltianguis, Otatitl\u00e1n, Tuxtilla, Tlacotalpan, Soteapan, Hidalgotitl\u00e1n y Nanchital, haciendo un total de 63 mil 300 vacunas, asever\u00f3 y dijo que seguir\u00e1n llegando de otros laboratorios para completar la vacunaci\u00f3n en todo el territorio veracruzano.<\/p>\n\n\n\n<p>Asimismo, con relaci\u00f3n a la segunda dosis de la vacuna Pfizer para el personal de Salud que trabaja atendiendo pacientes Covid, recalc\u00f3 que est\u00e1n dentro de los tiempos que se necesita para la aplicaci\u00f3n,&nbsp;subray\u00f3 que la primera dosis de AstraZeneca se lleva a cabo en coordinaci\u00f3n con las fuerzas del orden federal, la Secretar\u00eda de Salud, entre otros, para proteger la salud de los adultos mayores.<\/p>\n\n\n\n<p>Finalmente calific\u00f3 que est\u00e1s acciones son hist\u00f3ricas porque nadie se va a quedar sin vacunas,&nbsp;&#8220;esta es la intenci\u00f3n del Gobierno federal para los adultos mayores. Afortunadamente se ha logrado compactar todo un equipo con Sedena, Semar, Secretar\u00eda de Bienestar y de la Secretar\u00eda de Salud&#8221;.<\/p>\n","protected":false},"excerpt":{"rendered":"<p>Dar\u00edo Pale Xalapa, Ver.- Este lunes se aplic\u00f3 la primera vacuna de AstraZeneca al se\u00f1or Juan Rodr\u00edguez, del municipio de Puente Nacional, seguir\u00e1 Ignacio de la Llave hasta completar los 22 municipios que se anunciaron este domingo, as\u00ed lo inform\u00f3 el&nbsp;secretario de Salud, Roberto Ramos Alor. En su mensaje previo a la aplicaci\u00f3n de la [&hellip;]<\/p>\n","protected":false},"author":1,"featured_media":11137,"comment_status":"open","ping_status":"open","sticky":false,"template":"","format":"standard","meta":{"_jetpack_memberships_contains_paid_content":false,"footnotes":""},"categories":[9],"tags":[],"class_list":["post-11136","post","type-post","status-publish","format-standard","has-post-thumbnail","hentry","category-salud"],"jetpack_featured_media_url":"https:\/\/encuentroinformativo.com.mx\/wp-content\/uploads\/2021\/02\/6E98150F-2C2C-4750-93C1-0451EB3B64B6.jpeg","jetpack_sharing_enabled":true,"jetpack_likes_enabled":true,"amp_enabled":true,"_links":{"self":[{"href":"https:\/\/encuentroinformativo.com.mx\/index.php?rest_route=\/wp\/v2\/posts\/11136","targetHints":{"allow":["GET"]}}],"collection":[{"href":"https:\/\/encuentroinformativo.com.mx\/index.php?rest_route=\/wp\/v2\/posts"}],"about":[{"href":"https:\/\/encuentroinformativo.com.mx\/index.php?rest_route=\/wp\/v2\/types\/post"}],"author":[{"embeddable":true,"href":"https:\/\/encuentroinformativo.com.mx\/index.php?rest_route=\/wp\/v2\/users\/1"}],"replies":[{"embeddable":true,"href":"https:\/\/encuentroinformativo.com.mx\/index.php?rest_route=%2Fwp%2Fv2%2Fcomments&post=11136"}],"version-history":[{"count":2,"href":"https:\/\/encuentroinformativo.com.mx\/index.php?rest_route=\/wp\/v2\/posts\/11136\/revisions"}],"predecessor-version":[{"id":11324,"href":"https:\/\/encuentroinformativo.com.mx\/index.php?rest_route=\/wp\/v2\/posts\/11136\/revisions\/11324"}],"wp:featuredmedia":[{"embeddable":true,"href":"https:\/\/encuentroinformativo.com.mx\/index.php?rest_route=\/wp\/v2\/media\/11137"}],"wp:attachment":[{"href":"https:\/\/encuentroinformativo.com.mx\/index.php?rest_route=%2Fwp%2Fv2%2Fmedia&parent=11136"}],"wp:term":[{"taxonomy":"category","embeddable":true,"href":"https:\/\/encuentroinformativo.com.mx\/index.php?rest_route=%2Fwp%2Fv2%2Fcategories&post=11136"},{"taxonomy":"post_tag","embeddable":true,"href":"https:\/\/encuentroinformativo.com.mx\/index.php?rest_route=%2Fwp%2Fv2%2Ftags&post=11136"}],"curies":[{"name":"wp","href":"https:\/\/api.w.org\/{rel}","templated":true}]}}