{"id":1114,"date":"2020-03-20T09:22:22","date_gmt":"2020-03-20T15:22:22","guid":{"rendered":"https:\/\/encuentroinformativo.com\/?p=1114"},"modified":"2020-03-20T09:22:53","modified_gmt":"2020-03-20T15:22:53","slug":"la-desconfianza-en-elio","status":"publish","type":"post","link":"https:\/\/encuentroinformativo.com.mx\/?p=1114","title":{"rendered":"La desconfianza en Elio"},"content":{"rendered":"\n<p><strong>Los Pol\u00edticos<\/strong>\u00a0<\/p>\n\n\n\n<p><strong>Salvador Mu\u00f1oz<\/strong><\/p>\n\n\n\n<p>El viaje que hizo Dorheny y Ailett Garc\u00eda Cayetano, a simple vista, puede parecer para muchos, una traves\u00eda de placer en Canad\u00e1, pero no\u2026 y m\u00e1s cuando esta historia no inicia all\u00e1, en Whistler Blackcomb, sino en Xalapa, en un bar durante un partido de futbol americano entre los vaqueros de Dallas y los B\u00fafalos.<\/p>\n\n\n\n<p>Quiz\u00e1s algunos recuerden aquella nota de Elio Hern\u00e1ndez Guti\u00e9rrez, secretario de Infraestructura y Obra P\u00fablica del Gobierno de Veracruz, cuando un jueves 28 de noviembre se le \u201cdenunci\u00f3\u201d ante la opini\u00f3n p\u00fablica por aparecerse, en dia y horario laborales, a la hora de la comida en un bar, lo cual no fue lo extraordinario, sino el hecho de que la comida se prolong\u00f3 por varias horas aderezadas con bebidas\u2026 en grata compa\u00f1\u00eda.<\/p>\n\n\n\n<p>En la SIOP, despu\u00e9s de ese juego, y tras el fin de semana, el secretario no lleg\u00f3 a laborar como habitualmente lo hac\u00eda, y muchos pensaron que quiz\u00e1s se debi\u00f3 al estr\u00e9s de la comparecencia que una semana antes, hab\u00eda realizado ante el Congreso\u2026 cuando por fin reapareci\u00f3, notaron el cambio\u2026 tra\u00eda escolta\u2026<\/p>\n\n\n\n<p>No, no piense que fue por la inseguridad, bueno\u2026 s\u00ed, s\u00ed fue por la inseguridad que \u00e9l mismo provoc\u00f3 despu\u00e9s de que saliera su foto en ese bar\u2026 en grata compa\u00f1\u00eda. Para todos en la SIOP les quedaba en claro que su esposa, Ailett, la jur\u00eddica de la secretar\u00eda de Seguridad P\u00fablica, le hab\u00eda puesto un escolta que cuidara, literalmente, los pasos de Elio.<\/p>\n\n\n\n<p>Quiz\u00e1s usted diga: \u00a1Espera, espera, espera! Esto es un asunto de \u00edndole Chapoy, TVnovelas o Laura de Am\u00e9rica con \u201c\u00a1Que pase el desgraciado!\u201d y puede que tenga raz\u00f3n\u2026 pero tambi\u00e9n explico la raz\u00f3n de esto: si no se puede estar en paz en la casa, \u00bfc\u00f3mo se puede estar en paz en el trabajo?<\/p>\n\n\n\n<p>Si hay un \u00e1rea muy delicada donde se tiene en la mira a la SIOP, es Obras P\u00fablicas, donde hay m\u00e1s de 30 procesos, muchos de ellos, donde la responsabilidad recae directamente en el titular de esta secretar\u00eda\u2026<\/p>\n\n\n\n<p>\u00bfDe qu\u00e9 se habla? de designaciones directas por \u201cinstrucciones del Gobernador\u201d, viejo truco que se us\u00f3 en Sefiplan en tiempos de Duarte, donde ning\u00fan empleado contraven\u00eda esa oraci\u00f3n para armar los \u201cbisnes\u201d de subsecretarios o directores. Es decir, Elio Hern\u00e1ndez \u201cespant\u00f3 con el petate del muerto\u201d a Jos\u00e9 Luis Lee Requena, subsecretario de Obras P\u00fablicas, hasta que a principios de este a\u00f1o, cansado de tanta marruller\u00eda, avent\u00f3 el arpa dejando con sus transas al secretario de la SIOP, as\u00ed como un espantoso subejercicio aproximado de 420 millones de pesos. Sume a ello la entrega y ampliaci\u00f3n de presupuesto a varias empresas, por \u00f3rdenes del secretario, donde se triplic\u00f3 a veces, el costo de las obras y en otros casos, sin que haya avance de obra.<\/p>\n\n\n\n<p>Quien intenta enderezar los entuertos de Elio Hern\u00e1ndez es Enrique Trujeque, quien qued\u00f3 en lugar de Lee Requena, pero sabe el amigo de Ricardo Exsome (Presidente de la Comisi\u00f3n de Infraestructura) que su trabajo no es solapar m\u00e1s cuando tiene un prestigio bien ganado como director de Obras P\u00fablicas en Veracruz, Boca del R\u00edo y Alvarado\u2026<\/p>\n\n\n\n<p>Y por si esto fuera poco, habr\u00eda que ver qu\u00e9 tan lejos llegan las acusaciones de moches del 10 al 15 por ciento con que \u201cse trabaja\u201d en esta secretar\u00eda que triangula en Palacio con el secretario de Gobierno y en Sefiplan, con otro poderoso funcionario\u2026<\/p>\n\n\n\n<p>As\u00ed, platicado a grosso modo, uno entonces puede entender que para Ailett debe ser complicado saber de un funcionario que traiciona los principios de la Cuarta Transformaci\u00f3n que al menos ella y su hermana, arraigan con fe: No mentir, no robar, no traicionar.<\/p>\n\n\n\n<p>Apenas a principios de marzo, a Elio Hern\u00e1ndez le cambiaron escolta\u2026 en la secretar\u00eda de Seguridad P\u00fablica se especul\u00f3 que intent\u00f3 sobornar al anterior, quiz\u00e1s en aras de irse a echar otro \u201ctochito\u201d&#8230; en grata compa\u00f1\u00eda.<\/p>\n\n\n\n<p>\u00bfEn qu\u00e9 creen que acabe esta historia? Me refiero en este caso, a la pol\u00edtica, a la carrera pol\u00edtica de Elio, donde poco a poco pierde la confianza del Gobernador, de una diputada federal, y de una directora jur\u00eddica.<\/p>\n\n\n\n<p>Ahora entiende que realmente pudo haber sido m\u00e1s una forma de escape ese viaje a Canad\u00e1, m\u00e1s que de placer\u2026 y quiz\u00e1s le sirvi\u00f3 a Ailett para tomar una decisi\u00f3n, como persona, ya no como jur\u00eddica\u2026 en una de \u00e9sas, en breve, a lo mejor ya no requiera escolta Elio Hern\u00e1ndez, porque ya no habr\u00e1 necesidad de \u201ccuidarlo\u201d.<br><\/p>\n\n\n\n<p><a href=\"mailto:smcainito@gmail.com\" target=\"_blank\" rel=\"noreferrer noopener\">smcainito@gmail.com<\/a><\/p>\n\n\n\n<p><\/p>\n","protected":false},"excerpt":{"rendered":"<p>Los Pol\u00edticos\u00a0 Salvador Mu\u00f1oz El viaje que hizo Dorheny y Ailett Garc\u00eda Cayetano, a simple vista, puede parecer para muchos, una traves\u00eda de placer en Canad\u00e1, pero no\u2026 y m\u00e1s cuando esta historia no inicia all\u00e1, en Whistler Blackcomb, sino en Xalapa, en un bar durante un partido de futbol americano entre los vaqueros de [&hellip;]<\/p>\n","protected":false},"author":1,"featured_media":387,"comment_status":"open","ping_status":"open","sticky":false,"template":"","format":"standard","meta":{"_jetpack_memberships_contains_paid_content":false,"footnotes":""},"categories":[11],"tags":[],"class_list":["post-1114","post","type-post","status-publish","format-standard","has-post-thumbnail","hentry","category-opinion"],"jetpack_featured_media_url":"https:\/\/encuentroinformativo.com.mx\/wp-content\/uploads\/2020\/03\/7CF8A22B-2764-47BE-8F7F-38FE9E5D6A2F.jpeg","jetpack_sharing_enabled":true,"jetpack_likes_enabled":true,"amp_enabled":true,"_links":{"self":[{"href":"https:\/\/encuentroinformativo.com.mx\/index.php?rest_route=\/wp\/v2\/posts\/1114","targetHints":{"allow":["GET"]}}],"collection":[{"href":"https:\/\/encuentroinformativo.com.mx\/index.php?rest_route=\/wp\/v2\/posts"}],"about":[{"href":"https:\/\/encuentroinformativo.com.mx\/index.php?rest_route=\/wp\/v2\/types\/post"}],"author":[{"embeddable":true,"href":"https:\/\/encuentroinformativo.com.mx\/index.php?rest_route=\/wp\/v2\/users\/1"}],"replies":[{"embeddable":true,"href":"https:\/\/encuentroinformativo.com.mx\/index.php?rest_route=%2Fwp%2Fv2%2Fcomments&post=1114"}],"version-history":[{"count":1,"href":"https:\/\/encuentroinformativo.com.mx\/index.php?rest_route=\/wp\/v2\/posts\/1114\/revisions"}],"predecessor-version":[{"id":1115,"href":"https:\/\/encuentroinformativo.com.mx\/index.php?rest_route=\/wp\/v2\/posts\/1114\/revisions\/1115"}],"wp:featuredmedia":[{"embeddable":true,"href":"https:\/\/encuentroinformativo.com.mx\/index.php?rest_route=\/wp\/v2\/media\/387"}],"wp:attachment":[{"href":"https:\/\/encuentroinformativo.com.mx\/index.php?rest_route=%2Fwp%2Fv2%2Fmedia&parent=1114"}],"wp:term":[{"taxonomy":"category","embeddable":true,"href":"https:\/\/encuentroinformativo.com.mx\/index.php?rest_route=%2Fwp%2Fv2%2Fcategories&post=1114"},{"taxonomy":"post_tag","embeddable":true,"href":"https:\/\/encuentroinformativo.com.mx\/index.php?rest_route=%2Fwp%2Fv2%2Ftags&post=1114"}],"curies":[{"name":"wp","href":"https:\/\/api.w.org\/{rel}","templated":true}]}}