{"id":11142,"date":"2021-02-15T15:09:04","date_gmt":"2021-02-15T21:09:04","guid":{"rendered":"https:\/\/encuentroinformativo.com.mx\/?p=11142"},"modified":"2021-02-15T15:09:08","modified_gmt":"2021-02-15T21:09:08","slug":"inicia-construccion-de-memorial-del-recuerdo-en-xalapa","status":"publish","type":"post","link":"https:\/\/encuentroinformativo.com.mx\/?p=11142","title":{"rendered":"Inicia construcci\u00f3n de Memorial del Recuerdo en Xalapa"},"content":{"rendered":"\n<p><strong>Juan Arcos <\/strong><\/p>\n\n\n\n<p>Xalapa, Ver.- Despu\u00e9s de cuatro a\u00f1os de gesti\u00f3n, este lunes iniciaron los trabajos para la construcci\u00f3n del \u201cMemorial del Recuerdo\u201d en la glorieta de las avenidas Xalapa y Orizaba, donde ser\u00e1n colocadas 32 fotograf\u00edas de desaparecidos.<\/p>\n\n\n\n<p>Victoria Delgadillo Romero, quien busca a su hija Yunery Citlally Hern\u00e1ndez Delgadillo desde noviembre de 2011, record\u00f3 que el espacio fue otorgado por el Cabildo xalape\u00f1o el 29 de diciembre de 2017, en la administraci\u00f3n de Am\u00e9rico Zu\u00f1iga Mart\u00ednez.<\/p>\n\n\n\n<p>Los colectivos Buscando a Nuestros Desaparecidos y Desaparecidas Veracruz y Familiares Enlaces Xalapa celebraron que los ingenieros acudieron esta ma\u00f1ana para marcar el trazo de la cimentaci\u00f3n y programar las excavaciones que iniciar\u00edan durante la ma\u00f1ana del martes.<\/p>\n\n\n\n<p>La entrevistada detall\u00f3 que la obra ser\u00e1 realizada por la C\u00e1mara Mexicana de la\u00a0Industria de la Construcci\u00f3n (CMIC), con una inversi\u00f3n de 486 millones de pesos por parte de la administraci\u00f3n pasada y c\u00e1maras empresariales.<\/p>\n\n\n\n<p>Ser\u00e1 instalada una estructura met\u00e1lica en forma de puente, donde los familiares de desaparecidos podr\u00e1n llevar ofrendas florales ante la falta de un lugar para visitarlos.<\/p>\n\n\n\n<p>\u201cEs la memoria de nuestros familiares desaparecidos. Estamos muy contentas porque este caminar desde 2016, en 2017 fue cuento nos dieron el espacio, es un memorial donde van a estar las fotos de nuestros desaparecidos, pero es un tipo puente donde vamos a subir por una escalera y arriba en vidrios van a estar las fotos de nuestros familiares\u201d, detall\u00f3 Delgadillo Romero.<\/p>\n\n\n\n<p>Por su parte, Carlos Salda\u00f1a Grajales, padre de Karla Nallely Salda\u00f1a Grajales y Jes\u00fas Alberto Estrada Mart\u00ednez, quienes desaparecieron el 29 de noviembre de 2011, indic\u00f3 que dicho espacio tambi\u00e9n permitir\u00e1 llevar a cabo actividades para sensibilizar a j\u00f3venes sobre la desaparici\u00f3n de personas.<\/p>\n\n\n\n<p>\u201cAm\u00e9rico (cuando era alcalde) nos dio una cantidad econ\u00f3mica, no al costo de esto porque est\u00e1 obra cuesta casi medio mill\u00f3n de pesos, dinero que est\u00e1 saliendo del ayuntamiento, de la administraci\u00f3n pasada, en apoyo de la c\u00e1mara de construcci\u00f3n, la c\u00e1mara de comercio y ahorita con el alcalde (Hip\u00f3lito Rodr\u00edguez Herrero) que nos dijo que nos ayudar\u00e1 en lo que haga falta para que se concluya el proyecto, lo que hac\u00eda falta era la mano de obra y gracias a la c\u00e1mara de la industria de la construcci\u00f3n ellos van a poner la mano de obra. La contadora de la Millar fue la primera que nos apoy\u00f3 incondicionalmente\u201d.<\/p>\n\n\n\n<p>Se calcula que los trabajos concluir\u00e1n a m\u00e1s tardar en tres semanas, para, posteriormente, llevar a cabo el acto inaugural.<\/p>\n\n\n\n<p>Fabiola Pensado Barrera, quien busca a su hijo Yoshimar Pensado Barrera desde el 16 de marzo de 2014, detall\u00f3 que el proyecto representa la lucha y la b\u00fasqueda de sus seres queridos.<\/p>\n\n\n\n<p>\u201cNecesitamos que haya memoria porque nosotros somos su voz. Ojal\u00e1 hubiera un memorial en cada ciudad, en cada lugar, en cada municipio, pues que se vea la magnitud de lo que est\u00e1 pasando. La memoria ayuda a que no suceda\u201d, enfatiz\u00f3.<\/p>\n","protected":false},"excerpt":{"rendered":"<p>Juan Arcos Xalapa, Ver.- Despu\u00e9s de cuatro a\u00f1os de gesti\u00f3n, este lunes iniciaron los trabajos para la construcci\u00f3n del \u201cMemorial del Recuerdo\u201d en la glorieta de las avenidas Xalapa y Orizaba, donde ser\u00e1n colocadas 32 fotograf\u00edas de desaparecidos. Victoria Delgadillo Romero, quien busca a su hija Yunery Citlally Hern\u00e1ndez Delgadillo desde noviembre de 2011, record\u00f3 [&hellip;]<\/p>\n","protected":false},"author":1,"featured_media":11143,"comment_status":"open","ping_status":"open","sticky":false,"template":"","format":"standard","meta":{"_jetpack_memberships_contains_paid_content":false,"footnotes":""},"categories":[3],"tags":[],"class_list":["post-11142","post","type-post","status-publish","format-standard","has-post-thumbnail","hentry","category-xalapa"],"jetpack_featured_media_url":"https:\/\/encuentroinformativo.com.mx\/wp-content\/uploads\/2021\/02\/64E1C5C4-25FE-45C2-80EB-D0BA305A83C7.jpeg","jetpack_sharing_enabled":true,"jetpack_likes_enabled":true,"amp_enabled":true,"_links":{"self":[{"href":"https:\/\/encuentroinformativo.com.mx\/index.php?rest_route=\/wp\/v2\/posts\/11142","targetHints":{"allow":["GET"]}}],"collection":[{"href":"https:\/\/encuentroinformativo.com.mx\/index.php?rest_route=\/wp\/v2\/posts"}],"about":[{"href":"https:\/\/encuentroinformativo.com.mx\/index.php?rest_route=\/wp\/v2\/types\/post"}],"author":[{"embeddable":true,"href":"https:\/\/encuentroinformativo.com.mx\/index.php?rest_route=\/wp\/v2\/users\/1"}],"replies":[{"embeddable":true,"href":"https:\/\/encuentroinformativo.com.mx\/index.php?rest_route=%2Fwp%2Fv2%2Fcomments&post=11142"}],"version-history":[{"count":1,"href":"https:\/\/encuentroinformativo.com.mx\/index.php?rest_route=\/wp\/v2\/posts\/11142\/revisions"}],"predecessor-version":[{"id":11144,"href":"https:\/\/encuentroinformativo.com.mx\/index.php?rest_route=\/wp\/v2\/posts\/11142\/revisions\/11144"}],"wp:featuredmedia":[{"embeddable":true,"href":"https:\/\/encuentroinformativo.com.mx\/index.php?rest_route=\/wp\/v2\/media\/11143"}],"wp:attachment":[{"href":"https:\/\/encuentroinformativo.com.mx\/index.php?rest_route=%2Fwp%2Fv2%2Fmedia&parent=11142"}],"wp:term":[{"taxonomy":"category","embeddable":true,"href":"https:\/\/encuentroinformativo.com.mx\/index.php?rest_route=%2Fwp%2Fv2%2Fcategories&post=11142"},{"taxonomy":"post_tag","embeddable":true,"href":"https:\/\/encuentroinformativo.com.mx\/index.php?rest_route=%2Fwp%2Fv2%2Ftags&post=11142"}],"curies":[{"name":"wp","href":"https:\/\/api.w.org\/{rel}","templated":true}]}}