{"id":11148,"date":"2021-02-15T16:49:41","date_gmt":"2021-02-15T22:49:41","guid":{"rendered":"https:\/\/encuentroinformativo.com.mx\/?p=11148"},"modified":"2021-02-15T16:49:44","modified_gmt":"2021-02-15T22:49:44","slug":"pandemia-retraso-pagos-justifica-gobernador","status":"publish","type":"post","link":"https:\/\/encuentroinformativo.com.mx\/?p=11148","title":{"rendered":"Pandemia retras\u00f3 pagos, justifica gobernador"},"content":{"rendered":"\n<p><strong>Dar\u00edo Pale <\/strong><\/p>\n\n\n\n<p>Xalapa, Ver.- El gobernador del estado Cuitl\u00e1huac Garc\u00eda Jim\u00e9nez\u00a0reconoci\u00f3 que hay mucha burocracia para pagarle a los empresarios y acept\u00f3 que la pandemia retras\u00f3 los tr\u00e1mites, tal como lo dijo este d\u00eda, Jes\u00fas Casta\u00f1eda durante la manifestaci\u00f3n a un costado de palacio de gobierno.<\/p>\n\n\n\n<p>Despu\u00e9s de que se manifestaran los\u00a0empresarios adheridos al movimiento SOS, el gobernador durante una conferencia de prensa en la sala de Banderas de palacio se\u00f1al\u00f3 que,\u00a0&#8220;esta lentitud no la instrumentamos nosotros, as\u00ed se dio. Ya ni les digo, en \u00e9poca de pandemia recuerden que se alertarg\u00f3 todo los administrativo&#8221;.<\/p>\n\n\n\n<p>Afirm\u00f3 que no los llama empresas &#8220;fantasma&#8221; a aquellos que siguen cobrando lo que el gobierno del Estado les debe,\u00a0&#8220;qu\u00e9 pasa, por qu\u00e9 se tarda tanto. El proceso de verificaci\u00f3n del servicio, la obra realizada y si se le hizo el pago o no, es muy tardado. Las comprobaciones&#8230; no es deuda nuestra, no es ni de la anterior, no es deuda de hace m\u00e1s de seis a\u00f1os&#8221;.<\/p>\n\n\n\n<p>&#8220;Esas deudas que no se pagaron a tiempo hizo un letargo en las comprobaciones y las verificaciones, en verdad que es un problema complicado&#8221;, agreg\u00f3.<\/p>\n\n\n\n<p>Cuando le ha tocado atender alguna demanda solicita que se le d\u00e9 seguimiento y la respuesta es que tienen que consultar hasta con el excontralor interno para que d\u00e9 fe de la existencia de documentos, por lo que\u00a0Justific\u00f3 que todo ese tr\u00e1mite burocr\u00e1tico es porque tienen que cuidar el dinero p\u00fablico, porque no pueden pagar sin tener plena certeza de que se haya realizado la obra o brindado el servicio.<\/p>\n\n\n\n<p>Solicit\u00f3 comprensi\u00f3n a los empresarios y adelant\u00f3 que habr\u00e1 otro paquete para que se integren al factoraje, incluso afirm\u00f3 que ya pagaron 45 millones de pesos a trav\u00e9s del factoraje, pero ahora buscar\u00e1n otro esquema para poder pagar a aquellos que se les debe 2, 3 o m\u00e1s millones de pesos.<\/p>\n\n\n\n<p>Finalmente justific\u00f3 que debido a la pandemia todo se retras\u00f3, porque los empleados se fueron a trabajar a sus hogares, por lo cual avanzan de forma muy lenta.<\/p>\n","protected":false},"excerpt":{"rendered":"<p>Dar\u00edo Pale Xalapa, Ver.- El gobernador del estado Cuitl\u00e1huac Garc\u00eda Jim\u00e9nez\u00a0reconoci\u00f3 que hay mucha burocracia para pagarle a los empresarios y acept\u00f3 que la pandemia retras\u00f3 los tr\u00e1mites, tal como lo dijo este d\u00eda, Jes\u00fas Casta\u00f1eda durante la manifestaci\u00f3n a un costado de palacio de gobierno. Despu\u00e9s de que se manifestaran los\u00a0empresarios adheridos al movimiento [&hellip;]<\/p>\n","protected":false},"author":1,"featured_media":88,"comment_status":"open","ping_status":"open","sticky":false,"template":"","format":"standard","meta":{"_jetpack_memberships_contains_paid_content":false,"footnotes":""},"categories":[3],"tags":[],"class_list":["post-11148","post","type-post","status-publish","format-standard","has-post-thumbnail","hentry","category-xalapa"],"jetpack_featured_media_url":"https:\/\/encuentroinformativo.com.mx\/wp-content\/uploads\/2020\/02\/palacio.jpg","jetpack_sharing_enabled":true,"jetpack_likes_enabled":true,"amp_enabled":true,"_links":{"self":[{"href":"https:\/\/encuentroinformativo.com.mx\/index.php?rest_route=\/wp\/v2\/posts\/11148","targetHints":{"allow":["GET"]}}],"collection":[{"href":"https:\/\/encuentroinformativo.com.mx\/index.php?rest_route=\/wp\/v2\/posts"}],"about":[{"href":"https:\/\/encuentroinformativo.com.mx\/index.php?rest_route=\/wp\/v2\/types\/post"}],"author":[{"embeddable":true,"href":"https:\/\/encuentroinformativo.com.mx\/index.php?rest_route=\/wp\/v2\/users\/1"}],"replies":[{"embeddable":true,"href":"https:\/\/encuentroinformativo.com.mx\/index.php?rest_route=%2Fwp%2Fv2%2Fcomments&post=11148"}],"version-history":[{"count":1,"href":"https:\/\/encuentroinformativo.com.mx\/index.php?rest_route=\/wp\/v2\/posts\/11148\/revisions"}],"predecessor-version":[{"id":11149,"href":"https:\/\/encuentroinformativo.com.mx\/index.php?rest_route=\/wp\/v2\/posts\/11148\/revisions\/11149"}],"wp:featuredmedia":[{"embeddable":true,"href":"https:\/\/encuentroinformativo.com.mx\/index.php?rest_route=\/wp\/v2\/media\/88"}],"wp:attachment":[{"href":"https:\/\/encuentroinformativo.com.mx\/index.php?rest_route=%2Fwp%2Fv2%2Fmedia&parent=11148"}],"wp:term":[{"taxonomy":"category","embeddable":true,"href":"https:\/\/encuentroinformativo.com.mx\/index.php?rest_route=%2Fwp%2Fv2%2Fcategories&post=11148"},{"taxonomy":"post_tag","embeddable":true,"href":"https:\/\/encuentroinformativo.com.mx\/index.php?rest_route=%2Fwp%2Fv2%2Ftags&post=11148"}],"curies":[{"name":"wp","href":"https:\/\/api.w.org\/{rel}","templated":true}]}}