{"id":11153,"date":"2021-02-15T18:47:25","date_gmt":"2021-02-16T00:47:25","guid":{"rendered":"https:\/\/encuentroinformativo.com.mx\/?p=11153"},"modified":"2021-02-15T18:47:28","modified_gmt":"2021-02-16T00:47:28","slug":"refuerzan-seguridad-en-la-zona-sur","status":"publish","type":"post","link":"https:\/\/encuentroinformativo.com.mx\/?p=11153","title":{"rendered":"Refuerzan seguridad en la zona sur"},"content":{"rendered":"\n<p><strong>Juan Arcos <\/strong><\/p>\n\n\n\n<p>Xalapa, Ver.- El alcalde de Cosoleacaque, Cirilo V\u00e1zquez Parissi, indic\u00f3 que se reforzar\u00e1 la seguridad en su municipio, tras el asesinato de la exalcaldesa Gladys Merl\u00edn y su hija Carla Enr\u00edquez Merl\u00edn, registrado la ma\u00f1ana de este lunes en su domicilio.<\/p>\n\n\n\n<p>El entrevistado tambi\u00e9n dio a conocer en que el ayuntamiento contribuir\u00e1 con la Fiscal\u00eda General del Estado (FGE), para el esclarecimiento del doble homicidio en dicha demarcaci\u00f3n.<\/p>\n\n\n\n<p>\u201cEstamos reforzando el tema de seguridad y obviamente tenemos que aportar la informaci\u00f3n que tengamos cada una de las personas tenga en el ayuntamiento, en el municipio, y contribuir con las autoridades correspondientes para que esto se esclarezca, este cobarde hecho\u201d.<\/p>\n\n\n\n<p>Adem\u00e1s, indic\u00f3 que la Guardia Nacional ha estado pendiente del tema de la seguridad en la zona sur de la entidad veracruzana, en coordinaci\u00f3n con la Secretar\u00eda de Seguridad P\u00fablica (SSP), de manera permanente.<\/p>\n\n\n\n<p>\u201cLo que buscamos es la mayor transparencia en este lamentable hecho que estamos viviendo el d\u00eda de hoy, que realmente nos conmociona a todos y sumarnos a lo que podamos ir aportando\u201d.<\/p>\n\n\n\n<p>En ese sentido, indic\u00f3 que se seguir\u00e1 trabajando con las fuerzas del orden para garantizar la seguridad en dicho municipio, sobre todo en este proceso electoral donde se han registrado varios hechos violentos.<\/p>\n\n\n\n<p>\u201cSeguiremos trabajando con eso y obviamente con todas las instituciones que nos corresponde. Vamos a trabajar con todas las instituciones, tanto federales como estatales\u201d, a\u00f1adi\u00f3 V\u00e1zquez Parissi.<\/p>\n\n\n\n<p>Gladys y Carla fueron asesinadas con armas de fuego y blancas en su vivienda, con direcci\u00f3n en la calle Correos, en el Barrio Segundo.<\/p>\n\n\n\n<p>Carla era precandidata a la presidencia municipal de Cosoleacaque por la alianza del Movimiento de Regeneraci\u00f3n Nacional (Morena), Partido Verde Ecologista de M\u00e9xico y el Partido del Trabajo (PT).<\/p>\n","protected":false},"excerpt":{"rendered":"<p>Juan Arcos Xalapa, Ver.- El alcalde de Cosoleacaque, Cirilo V\u00e1zquez Parissi, indic\u00f3 que se reforzar\u00e1 la seguridad en su municipio, tras el asesinato de la exalcaldesa Gladys Merl\u00edn y su hija Carla Enr\u00edquez Merl\u00edn, registrado la ma\u00f1ana de este lunes en su domicilio. El entrevistado tambi\u00e9n dio a conocer en que el ayuntamiento contribuir\u00e1 con [&hellip;]<\/p>\n","protected":false},"author":1,"featured_media":11154,"comment_status":"open","ping_status":"open","sticky":false,"template":"","format":"standard","meta":{"_jetpack_memberships_contains_paid_content":false,"footnotes":""},"categories":[2],"tags":[],"class_list":["post-11153","post","type-post","status-publish","format-standard","has-post-thumbnail","hentry","category-estado"],"jetpack_featured_media_url":"https:\/\/encuentroinformativo.com.mx\/wp-content\/uploads\/2021\/02\/58169B44-BCF6-4601-BF87-091F30FE3802.jpeg","jetpack_sharing_enabled":true,"jetpack_likes_enabled":true,"amp_enabled":true,"_links":{"self":[{"href":"https:\/\/encuentroinformativo.com.mx\/index.php?rest_route=\/wp\/v2\/posts\/11153","targetHints":{"allow":["GET"]}}],"collection":[{"href":"https:\/\/encuentroinformativo.com.mx\/index.php?rest_route=\/wp\/v2\/posts"}],"about":[{"href":"https:\/\/encuentroinformativo.com.mx\/index.php?rest_route=\/wp\/v2\/types\/post"}],"author":[{"embeddable":true,"href":"https:\/\/encuentroinformativo.com.mx\/index.php?rest_route=\/wp\/v2\/users\/1"}],"replies":[{"embeddable":true,"href":"https:\/\/encuentroinformativo.com.mx\/index.php?rest_route=%2Fwp%2Fv2%2Fcomments&post=11153"}],"version-history":[{"count":1,"href":"https:\/\/encuentroinformativo.com.mx\/index.php?rest_route=\/wp\/v2\/posts\/11153\/revisions"}],"predecessor-version":[{"id":11155,"href":"https:\/\/encuentroinformativo.com.mx\/index.php?rest_route=\/wp\/v2\/posts\/11153\/revisions\/11155"}],"wp:featuredmedia":[{"embeddable":true,"href":"https:\/\/encuentroinformativo.com.mx\/index.php?rest_route=\/wp\/v2\/media\/11154"}],"wp:attachment":[{"href":"https:\/\/encuentroinformativo.com.mx\/index.php?rest_route=%2Fwp%2Fv2%2Fmedia&parent=11153"}],"wp:term":[{"taxonomy":"category","embeddable":true,"href":"https:\/\/encuentroinformativo.com.mx\/index.php?rest_route=%2Fwp%2Fv2%2Fcategories&post=11153"},{"taxonomy":"post_tag","embeddable":true,"href":"https:\/\/encuentroinformativo.com.mx\/index.php?rest_route=%2Fwp%2Fv2%2Ftags&post=11153"}],"curies":[{"name":"wp","href":"https:\/\/api.w.org\/{rel}","templated":true}]}}