{"id":11156,"date":"2021-02-16T09:55:28","date_gmt":"2021-02-16T15:55:28","guid":{"rendered":"https:\/\/encuentroinformativo.com.mx\/?p=11156"},"modified":"2021-02-16T09:55:30","modified_gmt":"2021-02-16T15:55:30","slug":"mitos-y-misticos-politicos","status":"publish","type":"post","link":"https:\/\/encuentroinformativo.com.mx\/?p=11156","title":{"rendered":"Mitos y m\u00edsticos pol\u00edticos"},"content":{"rendered":"\n<p><strong>Los Pol\u00edticos<\/strong><br><br><strong>Salvador Mu\u00f1oz<\/strong><\/p>\n\n\n\n<p>Si acaso el Comit\u00e9 Directivo Estatal del PAN confirma el triunfo de Miguel \u00c1ngel Yunes M\u00e1rquez como candidato a la presidencia municipal de Veracruz, estar\u00edamos en la antesala de generar con Chiquiyunes, mitos pol\u00edticos con otros personajes que buscan tal cargo pero en sus respectivos municipios.<\/p>\n\n\n\n<p>Hablamos de Ricardo Ahued (igual, si se confirma su candidatura por parte de Morena, pero en Xalapa) y Juan Manuel Diez Francos (por el PRI en Orizaba);\u00a0me permito agregar a Pepe Yunes, que si bien ha de competir por una curul federal, el tama\u00f1o del perote\u00f1o obliga a meterlo en estos mitos pol\u00edticos\u2026 que no mitotes&#8230; y porque ya fue alcalde, a\u00a0principio del siglo.<\/p>\n\n\n\n<p>Cada uno de estos personajes genera entre sus seguidores una especie de misticismo, tanto en sus mismos partidos como espacios pol\u00edtico-geogr\u00e1ficos. Yunes M\u00e1rquez representa la zona conurbada; Diez Francos, el centro; Ahued, la capital y el capital de Morena; y Pepe Yunes, podr\u00eda asegurar que trasciende Perote.<\/p>\n\n\n\n<p>\u00bfPor qu\u00e9 llevar a este nivel de misticismo a estos pol\u00edticos? Quiz\u00e1s porque podr\u00edan convertirse en mito, en leyenda, si contin\u00faan dando pasos en el proyecto inmediato que a la larga, los coloque en un escenario que si los historiadores me corrigen, no se ve en Veracruz desde hace m\u00e1s de 80 a\u00f1os: que un alcalde, un presidente municipal en nuestra entidad, pase a ser Gobernador de Veracruz\u2026<br>El dato hist\u00f3rico que tengo es el de Rafael Murillo Vidal, quien fue presidente municipal interino de Orizaba en el lapso 1939-40\u2026 luego fue Gobernador del periodo 1969-74.<br>Eso s\u00ed, por intentos, no han parado\u2026 en este caso, me refiero a Miguel \u00c1ngel Yunes M\u00e1rquez, quien es de los \u00fanicos ac\u00e1 citados que tras ser alcalde, ha competido por ser Gobernador de Veracruz de manera inmediata.<\/p>\n\n\n\n<p>Diez Francos y Ricardo Ahued son citados desde hace algunos a\u00f1os como posibles candidatos a la Gubernatura y ya han sido alcaldes de sus respectivos municipios; hoy est\u00e1n nuevamente en posibilidad de ser autoridad municipal, claro, si es que sus partidos, PRI y Morena, les dan el Vobo para contender, lo que los pondr\u00eda en el camino m\u00edstico de romper con mucho, ese salto de Murillo Vidal.<\/p>\n\n\n\n<p>Por supuesto, hay que esperar, no s\u00f3lo lo que el CDE del PAN decida, as\u00ed como el PRI, que dicho sea de paso, no se ve problema alguno para que Juan Manuel Diez Francos vaya por su tercer periodo como autoridad municipal, que si bien, no es un caso \u00fanico o exclusivo, porque por ah\u00ed est\u00e1 Gaspar G\u00f3mez Jim\u00e9nez, de Hueyapan de Ocampo, en su intento de ser alcalde por la misma cantidad de veces que el \u201coriza\u00f1ol\u201d o \u201cespazabe\u00f1o\u201d\u2026 claro que hay dos puntos que hacen la diferencia entre el sure\u00f1o y el de la Pluviosilla: el primero, es que Juan Manuel lo har\u00eda en un lapso m\u00e1s breve; y sin duda, que el trabajo que realiz\u00f3 Diez Francos han hecho diferencia en el acontecer diario de la Ciudad de las Aguas Alegres.<\/p>\n\n\n\n<p>En tanto, Ricardo Ahued, el estigma y la estima se regodean en su figura, porque si bien, hay quienes aplauden la posibilidad de que sea candidato a alcalde, hay otros que lamentan su posici\u00f3n al caer en dos supuestos:<\/p>\n\n\n\n<p>El primero es el Chapulineo: Ha sido Senador, ha estado en Aduanas, ahora es precandidato a la presidencia municipal y en una de \u00e9sas, salte de nuevo al Senado o no concluya el periodo para el que fue electo por los veracruzanos\u2026 y en el peor escenario, \u201cfutureando\u201d, si ganara la alcald\u00eda, tampoco la terminar\u00eda si lo ubicamos en esta puesta de M\u00edsticos Pol\u00edticos con miras al 2024.<\/p>\n\n\n\n<p>A Pepe Yunes, si bien no entra en la idea de los alcaldes con miras a la Gubernatura, no deja de ser un m\u00edstico&#8230;<\/p>\n\n\n\n<p>Que conste\u2026 todo esto escrito se da en torno a la idea de generar mitos pol\u00edticos con pol\u00edticos m\u00edsticos. Suena igual, pero no es lo mismo.<\/p>\n\n\n\n<p><a href=\"mailto:smcainito@gmail.com\" target=\"_blank\" rel=\"noreferrer noopener\">smcainito@gmail.com<\/a><\/p>\n","protected":false},"excerpt":{"rendered":"<p>Los Pol\u00edticos Salvador Mu\u00f1oz Si acaso el Comit\u00e9 Directivo Estatal del PAN confirma el triunfo de Miguel \u00c1ngel Yunes M\u00e1rquez como candidato a la presidencia municipal de Veracruz, estar\u00edamos en la antesala de generar con Chiquiyunes, mitos pol\u00edticos con otros personajes que buscan tal cargo pero en sus respectivos municipios. Hablamos de Ricardo Ahued (igual, [&hellip;]<\/p>\n","protected":false},"author":1,"featured_media":70,"comment_status":"open","ping_status":"open","sticky":false,"template":"","format":"standard","meta":{"_jetpack_memberships_contains_paid_content":false,"footnotes":""},"categories":[11],"tags":[],"class_list":["post-11156","post","type-post","status-publish","format-standard","has-post-thumbnail","hentry","category-opinion"],"jetpack_featured_media_url":"https:\/\/encuentroinformativo.com.mx\/wp-content\/uploads\/2020\/02\/opinion-invitado.jpg","jetpack_sharing_enabled":true,"jetpack_likes_enabled":true,"amp_enabled":true,"_links":{"self":[{"href":"https:\/\/encuentroinformativo.com.mx\/index.php?rest_route=\/wp\/v2\/posts\/11156","targetHints":{"allow":["GET"]}}],"collection":[{"href":"https:\/\/encuentroinformativo.com.mx\/index.php?rest_route=\/wp\/v2\/posts"}],"about":[{"href":"https:\/\/encuentroinformativo.com.mx\/index.php?rest_route=\/wp\/v2\/types\/post"}],"author":[{"embeddable":true,"href":"https:\/\/encuentroinformativo.com.mx\/index.php?rest_route=\/wp\/v2\/users\/1"}],"replies":[{"embeddable":true,"href":"https:\/\/encuentroinformativo.com.mx\/index.php?rest_route=%2Fwp%2Fv2%2Fcomments&post=11156"}],"version-history":[{"count":1,"href":"https:\/\/encuentroinformativo.com.mx\/index.php?rest_route=\/wp\/v2\/posts\/11156\/revisions"}],"predecessor-version":[{"id":11157,"href":"https:\/\/encuentroinformativo.com.mx\/index.php?rest_route=\/wp\/v2\/posts\/11156\/revisions\/11157"}],"wp:featuredmedia":[{"embeddable":true,"href":"https:\/\/encuentroinformativo.com.mx\/index.php?rest_route=\/wp\/v2\/media\/70"}],"wp:attachment":[{"href":"https:\/\/encuentroinformativo.com.mx\/index.php?rest_route=%2Fwp%2Fv2%2Fmedia&parent=11156"}],"wp:term":[{"taxonomy":"category","embeddable":true,"href":"https:\/\/encuentroinformativo.com.mx\/index.php?rest_route=%2Fwp%2Fv2%2Fcategories&post=11156"},{"taxonomy":"post_tag","embeddable":true,"href":"https:\/\/encuentroinformativo.com.mx\/index.php?rest_route=%2Fwp%2Fv2%2Ftags&post=11156"}],"curies":[{"name":"wp","href":"https:\/\/api.w.org\/{rel}","templated":true}]}}