{"id":11162,"date":"2021-02-16T12:02:10","date_gmt":"2021-02-16T18:02:10","guid":{"rendered":"https:\/\/encuentroinformativo.com.mx\/?p=11162"},"modified":"2021-02-16T12:02:13","modified_gmt":"2021-02-16T18:02:13","slug":"ex-lider-del-verde-se-sumo-a-morena","status":"publish","type":"post","link":"https:\/\/encuentroinformativo.com.mx\/?p=11162","title":{"rendered":"Ex l\u00edder del Verde se sum\u00f3 a Morena"},"content":{"rendered":"\n<p><strong>Alejandro \u00c1vila<\/strong><\/p>\n\n\n\n<p>Veracruz, Ver.- El ex diputado local, Juan Eduardo Robles Castellanos, fue sumado al equipo cercano del dirigente nacional de MORENA, Mario Delgado, para &#8220;operar&#8221; la elecci\u00f3n 2021 y buscar retener varios espacios federales y locales en la legislatura.<\/p>\n\n\n\n<p>A trav\u00e9s de su cuenta personal de Twitrer, Eduardo&nbsp;Robles difundi\u00f3 este domingo su alianza con el dirigente nacional de Morena, Mario Delgado Carrillo quien ha tratado de ordenar las filas del partido en el poder con poco \u00e9xito en algunos lugares como el estado de Veracruz.<\/p>\n\n\n\n<p>Quien fuera dirigente del Partido Verde en Veracruz se suma al grupo operativo de MORENA, ya que la elecci\u00f3n del 2021 es la m\u00e1s importante en los \u00faltimos a\u00f1os, adem\u00e1s de que la orden es, no perder Veracruz.<\/p>\n\n\n\n<p>Robles Castellanos es egresado del Tecnol\u00f3gico de Monterrey en Relaciones Internacionales con Maestr\u00eda en Administraci\u00f3n y Pol\u00edticas P\u00fablicas con estudios en Espa\u00f1a y Harvard en Estados Unidos en Pol\u00edticas P\u00fablicas, cuenta con amplia experiencia como cabildero y negociador pol\u00edtico ya que su desempe\u00f1o ha sido siempre en el Poder Legislativo como asesor en el Senado de la Rep\u00fablica,&nbsp; C\u00e1mara de Diputados y como Diputado Local en el Congreso de Veracruz.<\/p>\n","protected":false},"excerpt":{"rendered":"<p>Alejandro \u00c1vila Veracruz, Ver.- El ex diputado local, Juan Eduardo Robles Castellanos, fue sumado al equipo cercano del dirigente nacional de MORENA, Mario Delgado, para &#8220;operar&#8221; la elecci\u00f3n 2021 y buscar retener varios espacios federales y locales en la legislatura. A trav\u00e9s de su cuenta personal de Twitrer, Eduardo&nbsp;Robles difundi\u00f3 este domingo su alianza con [&hellip;]<\/p>\n","protected":false},"author":1,"featured_media":11163,"comment_status":"open","ping_status":"open","sticky":false,"template":"","format":"standard","meta":{"_jetpack_memberships_contains_paid_content":false,"footnotes":""},"categories":[2],"tags":[],"class_list":["post-11162","post","type-post","status-publish","format-standard","has-post-thumbnail","hentry","category-estado"],"jetpack_featured_media_url":"https:\/\/encuentroinformativo.com.mx\/wp-content\/uploads\/2021\/02\/E3FD167F-145D-45A2-BFB0-5A6CA172D055.jpeg","jetpack_sharing_enabled":true,"jetpack_likes_enabled":true,"amp_enabled":true,"_links":{"self":[{"href":"https:\/\/encuentroinformativo.com.mx\/index.php?rest_route=\/wp\/v2\/posts\/11162","targetHints":{"allow":["GET"]}}],"collection":[{"href":"https:\/\/encuentroinformativo.com.mx\/index.php?rest_route=\/wp\/v2\/posts"}],"about":[{"href":"https:\/\/encuentroinformativo.com.mx\/index.php?rest_route=\/wp\/v2\/types\/post"}],"author":[{"embeddable":true,"href":"https:\/\/encuentroinformativo.com.mx\/index.php?rest_route=\/wp\/v2\/users\/1"}],"replies":[{"embeddable":true,"href":"https:\/\/encuentroinformativo.com.mx\/index.php?rest_route=%2Fwp%2Fv2%2Fcomments&post=11162"}],"version-history":[{"count":1,"href":"https:\/\/encuentroinformativo.com.mx\/index.php?rest_route=\/wp\/v2\/posts\/11162\/revisions"}],"predecessor-version":[{"id":11164,"href":"https:\/\/encuentroinformativo.com.mx\/index.php?rest_route=\/wp\/v2\/posts\/11162\/revisions\/11164"}],"wp:featuredmedia":[{"embeddable":true,"href":"https:\/\/encuentroinformativo.com.mx\/index.php?rest_route=\/wp\/v2\/media\/11163"}],"wp:attachment":[{"href":"https:\/\/encuentroinformativo.com.mx\/index.php?rest_route=%2Fwp%2Fv2%2Fmedia&parent=11162"}],"wp:term":[{"taxonomy":"category","embeddable":true,"href":"https:\/\/encuentroinformativo.com.mx\/index.php?rest_route=%2Fwp%2Fv2%2Fcategories&post=11162"},{"taxonomy":"post_tag","embeddable":true,"href":"https:\/\/encuentroinformativo.com.mx\/index.php?rest_route=%2Fwp%2Fv2%2Ftags&post=11162"}],"curies":[{"name":"wp","href":"https:\/\/api.w.org\/{rel}","templated":true}]}}