{"id":11177,"date":"2021-02-16T14:32:22","date_gmt":"2021-02-16T20:32:22","guid":{"rendered":"https:\/\/encuentroinformativo.com.mx\/?p=11177"},"modified":"2021-02-16T14:32:53","modified_gmt":"2021-02-16T20:32:53","slug":"veracruz-unico-municipio-que-registro-conflictos-pan","status":"publish","type":"post","link":"https:\/\/encuentroinformativo.com.mx\/?p=11177","title":{"rendered":"Veracruz \u00fanico municipio que registr\u00f3 conflictos: PAN"},"content":{"rendered":"\n<p><strong>Juan Arcos <\/strong><\/p>\n\n\n\n<p>Xalapa, Ver.- S\u00f3lo en el puerto de Veracruz fue interrumpida la elecci\u00f3n interna por hechos violentos de personas ajenas al Partido Acci\u00f3n Nacional (PAN), revel\u00f3 el dirigente estatal del albiazul, Joaqu\u00edn Guzm\u00e1n Avil\u00e9s.<\/p>\n\n\n\n<p>Cabe recordar que el pasado domingo 14 de febrero, las votaciones para la selecci\u00f3n de candidatos a la presidencia municipal y la diputaci\u00f3n local del puerto jarocho, fue reventada por un grupo que agredi\u00f3 a \u201csillazos\u201d a otras personas.<\/p>\n\n\n\n<p>El l\u00edder panista indic\u00f3 que dichos sujetos intentaron \u201cempa\u00f1ar\u201d y \u201censuciar\u201d el proceso interno de este organismo pol\u00edtico.<\/p>\n\n\n\n<p>\u201c\u00danicamente en el puerto de Veracruz se suscit\u00f3 interrupci\u00f3n de la elecci\u00f3n por parte de personas ajenas al partido, quienes trataron de empa\u00f1ar y ensuciar el proceso que era exclusivamente para militantes de Acci\u00f3n Nacional\u201d.<\/p>\n\n\n\n<p>Adem\u00e1s, reprob\u00f3 cualquier acto de violencia que ponga en riesgo la democracia, la tranquilidad y la integridad de los militantes y de dicho partido pol\u00edtico.<\/p>\n\n\n\n<p>Guzm\u00e1n Avil\u00e9s detall\u00f3 que, en su momento, los precandidatos Bingen Rementer\u00eda del Puerto y Miguel \u00c1ngel Yunes M\u00e1rquez podr\u00e1n apelar a las instancias correspondientes en favor de la democracia.<\/p>\n\n\n\n<p>Agreg\u00f3 que la elecci\u00f3n interna estuvo a cargo de la Comisi\u00f3n Organizadora Electoral de la dirigencia nacional del PAN, por lo que el Comit\u00e9 Directivo Estatal (CDE) solo particip\u00f3 como auxiliar en la contienda.<\/p>\n\n\n\n<p>\u201cFuncionarios del Comit\u00e9 Ejecutivo Nacional del PAN se encargaron de organizar y llevar a cabo el proceso interno. Como dirigencia, estaremos pendientes de que a los contendientes se les garanticen sus derechos, porque a diferencia de otros partidos pol\u00edticos, en Acci\u00f3n Nacional se ejerce y se respeta la libertad de decisi\u00f3n a trav\u00e9s de una elecci\u00f3n justa que nos haga trascender como sociedad\u201d, enfatiz\u00f3.<\/p>\n\n\n\n<p>Cabe recordar que el precandidato Miguel \u00c1ngel Yunes M\u00e1rquez se proclam\u00f3 ganador en un video trasmitido por redes sociales.\u00a0<br>Recientemente, un grupo de militantes panistas present\u00f3 una denuncia contra dicho precandidato por el delito de lesiones, al relacionarlo con el grupo de golpeadores que agredi\u00f3 a quienes participaban en la contienda interna.<\/p>\n\n\n\n<p>Cabe mencionar que la denuncia penal transcurre a la par de acciones legales que han sido emprendidas para invalidar la elecci\u00f3n del pasado domingo por dichos acontecimientos.<\/p>\n","protected":false},"excerpt":{"rendered":"<p>Juan Arcos Xalapa, Ver.- S\u00f3lo en el puerto de Veracruz fue interrumpida la elecci\u00f3n interna por hechos violentos de personas ajenas al Partido Acci\u00f3n Nacional (PAN), revel\u00f3 el dirigente estatal del albiazul, Joaqu\u00edn Guzm\u00e1n Avil\u00e9s. Cabe recordar que el pasado domingo 14 de febrero, las votaciones para la selecci\u00f3n de candidatos a la presidencia municipal [&hellip;]<\/p>\n","protected":false},"author":1,"featured_media":3428,"comment_status":"open","ping_status":"open","sticky":false,"template":"","format":"standard","meta":{"_jetpack_memberships_contains_paid_content":false,"footnotes":""},"categories":[2],"tags":[],"class_list":["post-11177","post","type-post","status-publish","format-standard","has-post-thumbnail","hentry","category-estado"],"jetpack_featured_media_url":"https:\/\/encuentroinformativo.com.mx\/wp-content\/uploads\/2020\/06\/8EEE174B-E05F-4815-9519-4EC28F596722.jpeg","jetpack_sharing_enabled":true,"jetpack_likes_enabled":true,"amp_enabled":true,"_links":{"self":[{"href":"https:\/\/encuentroinformativo.com.mx\/index.php?rest_route=\/wp\/v2\/posts\/11177","targetHints":{"allow":["GET"]}}],"collection":[{"href":"https:\/\/encuentroinformativo.com.mx\/index.php?rest_route=\/wp\/v2\/posts"}],"about":[{"href":"https:\/\/encuentroinformativo.com.mx\/index.php?rest_route=\/wp\/v2\/types\/post"}],"author":[{"embeddable":true,"href":"https:\/\/encuentroinformativo.com.mx\/index.php?rest_route=\/wp\/v2\/users\/1"}],"replies":[{"embeddable":true,"href":"https:\/\/encuentroinformativo.com.mx\/index.php?rest_route=%2Fwp%2Fv2%2Fcomments&post=11177"}],"version-history":[{"count":1,"href":"https:\/\/encuentroinformativo.com.mx\/index.php?rest_route=\/wp\/v2\/posts\/11177\/revisions"}],"predecessor-version":[{"id":11178,"href":"https:\/\/encuentroinformativo.com.mx\/index.php?rest_route=\/wp\/v2\/posts\/11177\/revisions\/11178"}],"wp:featuredmedia":[{"embeddable":true,"href":"https:\/\/encuentroinformativo.com.mx\/index.php?rest_route=\/wp\/v2\/media\/3428"}],"wp:attachment":[{"href":"https:\/\/encuentroinformativo.com.mx\/index.php?rest_route=%2Fwp%2Fv2%2Fmedia&parent=11177"}],"wp:term":[{"taxonomy":"category","embeddable":true,"href":"https:\/\/encuentroinformativo.com.mx\/index.php?rest_route=%2Fwp%2Fv2%2Fcategories&post=11177"},{"taxonomy":"post_tag","embeddable":true,"href":"https:\/\/encuentroinformativo.com.mx\/index.php?rest_route=%2Fwp%2Fv2%2Ftags&post=11177"}],"curies":[{"name":"wp","href":"https:\/\/api.w.org\/{rel}","templated":true}]}}