{"id":11179,"date":"2021-02-16T14:50:49","date_gmt":"2021-02-16T20:50:49","guid":{"rendered":"https:\/\/encuentroinformativo.com.mx\/?p=11179"},"modified":"2021-02-16T14:50:52","modified_gmt":"2021-02-16T20:50:52","slug":"demanda-pt-esclarecer-doble-homicidio-de-cosoleacaque","status":"publish","type":"post","link":"https:\/\/encuentroinformativo.com.mx\/?p=11179","title":{"rendered":"Demanda PT esclarecer doble homicidio de Cosoleacaque"},"content":{"rendered":"\n<p><strong>Juan Arcos <\/strong><\/p>\n\n\n\n<p>Xalapa, Ver.- El coordinador estatal del Partido del Trabajo (PT), Vicente Aguilar Aguilar, exigi\u00f3 a la Fiscal\u00eda General del Estado (FGE) que llegue hasta las \u00faltimas consecuencias en sus investigaciones, para esclarecer el asesinato de la exalcaldesa Gladys Merl\u00edn Castro y su hija Carla Enr\u00edquez Merl\u00edn en el municipio de Cosoleacaque, la ma\u00f1ana del lunes.<\/p>\n\n\n\n<p>\u201cEl PT reprueba los cr\u00edmenes de Cosoleacaque y exige a la Fiscal\u00eda del estado llegue hasta sus \u00faltimas consecuencia en sus investigaciones y no deje abierta ninguna l\u00ednea de investigaci\u00f3n\u201d.<\/p>\n\n\n\n<p>En conferencia de prensa, el l\u00edder petista indic\u00f3 que ha crecido la inseguridad en la entidad veracruzana, sobre todo durante este proceso electoral 2020-2021.<\/p>\n\n\n\n<p>\u201cLa inseguridad, repentinamente, ha tomado dimensiones casi incontrolables; toda vez, que han ocurrido asesinatos inesperados que deseamos se esclarezcan y conduzcan a la captura de los culpables\u201d, expres\u00f3.<\/p>\n\n\n\n<p>Cabe recordar que Carla Enr\u00edquez era precandidata a la presidencia municipal de Cosoleacaque por la coalici\u00f3n entre los partidos Movimiento de Regeneraci\u00f3n Nacional (Morena), Verde Ecologista de M\u00e9xico (PVEM) y el Partido del Trabajo (PT).<\/p>\n\n\n\n<p>Adem\u00e1s, en menos de una semana, el pasado jueves 11 de febrero, fue asesinado a balazos Gilberto Ortiz Parra, precandidato de Morena a la presidencia municipal de \u00darsulo Galv\u00e1n.\u00a0<\/p>\n\n\n\n<p>Por otra parte, Vicente Aguilar se pronunci\u00f3 a favor de la aplicaci\u00f3n de la vacuna Astra Zeneca a adultos mayores por parte de la Secretar\u00eda de Salud de Veracruz.<\/p>\n\n\n\n<p>\u201cEn nombre de toda la militancia y simpatizantes de nuestro partido, reconocemos su atinada gesti\u00f3n ante la federaci\u00f3n, para que Veracruz sea beneficiado con la asignaci\u00f3n de vacunas. Estaremos pendientes de la continuidad con que se prosiga la vacunaci\u00f3n de toda la poblaci\u00f3n\u201d, remat\u00f3.<\/p>\n","protected":false},"excerpt":{"rendered":"<p>Juan Arcos Xalapa, Ver.- El coordinador estatal del Partido del Trabajo (PT), Vicente Aguilar Aguilar, exigi\u00f3 a la Fiscal\u00eda General del Estado (FGE) que llegue hasta las \u00faltimas consecuencias en sus investigaciones, para esclarecer el asesinato de la exalcaldesa Gladys Merl\u00edn Castro y su hija Carla Enr\u00edquez Merl\u00edn en el municipio de Cosoleacaque, la ma\u00f1ana [&hellip;]<\/p>\n","protected":false},"author":1,"featured_media":11180,"comment_status":"open","ping_status":"open","sticky":false,"template":"","format":"standard","meta":{"_jetpack_memberships_contains_paid_content":false,"footnotes":""},"categories":[2],"tags":[],"class_list":["post-11179","post","type-post","status-publish","format-standard","has-post-thumbnail","hentry","category-estado"],"jetpack_featured_media_url":"https:\/\/encuentroinformativo.com.mx\/wp-content\/uploads\/2021\/02\/8BDDECEE-7C52-420B-B2C8-CAD6F7AA1006.jpeg","jetpack_sharing_enabled":true,"jetpack_likes_enabled":true,"amp_enabled":true,"_links":{"self":[{"href":"https:\/\/encuentroinformativo.com.mx\/index.php?rest_route=\/wp\/v2\/posts\/11179","targetHints":{"allow":["GET"]}}],"collection":[{"href":"https:\/\/encuentroinformativo.com.mx\/index.php?rest_route=\/wp\/v2\/posts"}],"about":[{"href":"https:\/\/encuentroinformativo.com.mx\/index.php?rest_route=\/wp\/v2\/types\/post"}],"author":[{"embeddable":true,"href":"https:\/\/encuentroinformativo.com.mx\/index.php?rest_route=\/wp\/v2\/users\/1"}],"replies":[{"embeddable":true,"href":"https:\/\/encuentroinformativo.com.mx\/index.php?rest_route=%2Fwp%2Fv2%2Fcomments&post=11179"}],"version-history":[{"count":1,"href":"https:\/\/encuentroinformativo.com.mx\/index.php?rest_route=\/wp\/v2\/posts\/11179\/revisions"}],"predecessor-version":[{"id":11181,"href":"https:\/\/encuentroinformativo.com.mx\/index.php?rest_route=\/wp\/v2\/posts\/11179\/revisions\/11181"}],"wp:featuredmedia":[{"embeddable":true,"href":"https:\/\/encuentroinformativo.com.mx\/index.php?rest_route=\/wp\/v2\/media\/11180"}],"wp:attachment":[{"href":"https:\/\/encuentroinformativo.com.mx\/index.php?rest_route=%2Fwp%2Fv2%2Fmedia&parent=11179"}],"wp:term":[{"taxonomy":"category","embeddable":true,"href":"https:\/\/encuentroinformativo.com.mx\/index.php?rest_route=%2Fwp%2Fv2%2Fcategories&post=11179"},{"taxonomy":"post_tag","embeddable":true,"href":"https:\/\/encuentroinformativo.com.mx\/index.php?rest_route=%2Fwp%2Fv2%2Ftags&post=11179"}],"curies":[{"name":"wp","href":"https:\/\/api.w.org\/{rel}","templated":true}]}}