{"id":1118,"date":"2020-03-20T12:29:59","date_gmt":"2020-03-20T18:29:59","guid":{"rendered":"https:\/\/encuentroinformativo.com\/?p=1118"},"modified":"2020-03-20T12:30:01","modified_gmt":"2020-03-20T18:30:01","slug":"sector-salud-enfrenta-doble-riesgo-ante-covid-19","status":"publish","type":"post","link":"https:\/\/encuentroinformativo.com.mx\/?p=1118","title":{"rendered":"Sector Salud enfrenta doble riesgo ante Covid-19"},"content":{"rendered":"\n<p>M\u00e9xico (Fuente: <strong>Notimex<\/strong>).- Ante la pandemia de la COVID-19, el personal de salud debe apegar su labor a las buenas pr\u00e1cticas de protecci\u00f3n personal, debido a que enfrenta una doble responsabilidad: cuidar de los otros y de ellos mismos.<\/p>\n\n\n\n<p>As\u00ed lo destac\u00f3 el integrante de la Comisi\u00f3n Universitaria para la Atenci\u00f3n de la Emergencia del Coronavirus, Alejandro Mac\u00edas, quien se\u00f1al\u00f3 que estos profesionales deben mantenerse con buena salud para que est\u00e9n en condiciones \u00f3ptimas de ofrecer la atenci\u00f3n m\u00e9dica&nbsp;que la sociedad requiere.&nbsp;<\/p>\n\n\n\n<p>En un comunicado, resalt\u00f3 tambi\u00e9n que 80 por ciento de los casos positivos de coronavirus no derivar\u00e1n en un problema serio de salud, pues algunos incluso ser\u00e1n asintom\u00e1ticos; adem\u00e1s, menos del cinco por ciento se ver\u00e1 grave y requerir\u00e1 atenci\u00f3n en unidades de cuidado especializado.<\/p>\n\n\n\n<p>\u201cNo debemos equivocarnos, pues se enfrenta una de las mayores crisis de salud en generaciones y el problema no debe ser minimizado\u201d, aclar\u00f3.<\/p>\n\n\n\n<p>Agreg\u00f3 que si se dejara evolucionar al virus de manera natural, sin extremar precauciones, se podr\u00eda llegar a condiciones cr\u00edticas y al colapso del sistema de salud y de las instituciones sociales.<\/p>\n\n\n\n<p>El m\u00e9dico internista e infect\u00f3logo recomend\u00f3 a las personas que est\u00e1n enfermas quedarse en casa, a una sana distancia de la familia para evitar contagiar a otros, y s\u00f3lo en caso de gravedad acudir al m\u00e9dico.<\/p>\n\n\n\n<p>Tambi\u00e9n resalt\u00f3 la conveniencia de mantener en casa, el mayor tiempo posible, a los adultos mayores, a las personas con enfermedades coronarias y pulmonares cr\u00f3nicas, con obesidad, c\u00e1ncer o di\u00e1lisis, y a quienes reciban medicamento para deprimir su inmunidad.<\/p>\n\n\n\n<p>Finalmente, exhort\u00f3 a la poblaci\u00f3n a mantenerse informada sobre las indicaciones de las autoridades de salud, que son las encargadas de preparar los hospitales y sus \u00e1reas cr\u00edticas para contender con la posible intensificaci\u00f3n de la pandemia en M\u00e9xico.<\/p>\n\n\n\n<p>\u201cLa situaci\u00f3n es dif\u00edcil, pero debemos enfrentarla con ecuanimidad. El temor es natural, todos lo tenemos, pero no caigamos en el p\u00e1nico para superar este reto\u201d, finaliz\u00f3 el especialista.<\/p>\n","protected":false},"excerpt":{"rendered":"<p>M\u00e9xico (Fuente: Notimex).- Ante la pandemia de la COVID-19, el personal de salud debe apegar su labor a las buenas pr\u00e1cticas de protecci\u00f3n personal, debido a que enfrenta una doble responsabilidad: cuidar de los otros y de ellos mismos. As\u00ed lo destac\u00f3 el integrante de la Comisi\u00f3n Universitaria para la Atenci\u00f3n de la Emergencia del [&hellip;]<\/p>\n","protected":false},"author":1,"featured_media":261,"comment_status":"open","ping_status":"open","sticky":false,"template":"","format":"standard","meta":{"_jetpack_memberships_contains_paid_content":false,"footnotes":""},"categories":[12],"tags":[],"class_list":["post-1118","post","type-post","status-publish","format-standard","has-post-thumbnail","hentry","category-nacional"],"jetpack_featured_media_url":"https:\/\/encuentroinformativo.com.mx\/wp-content\/uploads\/2020\/03\/img_8045.jpg","jetpack_sharing_enabled":true,"jetpack_likes_enabled":true,"amp_enabled":true,"_links":{"self":[{"href":"https:\/\/encuentroinformativo.com.mx\/index.php?rest_route=\/wp\/v2\/posts\/1118","targetHints":{"allow":["GET"]}}],"collection":[{"href":"https:\/\/encuentroinformativo.com.mx\/index.php?rest_route=\/wp\/v2\/posts"}],"about":[{"href":"https:\/\/encuentroinformativo.com.mx\/index.php?rest_route=\/wp\/v2\/types\/post"}],"author":[{"embeddable":true,"href":"https:\/\/encuentroinformativo.com.mx\/index.php?rest_route=\/wp\/v2\/users\/1"}],"replies":[{"embeddable":true,"href":"https:\/\/encuentroinformativo.com.mx\/index.php?rest_route=%2Fwp%2Fv2%2Fcomments&post=1118"}],"version-history":[{"count":1,"href":"https:\/\/encuentroinformativo.com.mx\/index.php?rest_route=\/wp\/v2\/posts\/1118\/revisions"}],"predecessor-version":[{"id":1119,"href":"https:\/\/encuentroinformativo.com.mx\/index.php?rest_route=\/wp\/v2\/posts\/1118\/revisions\/1119"}],"wp:featuredmedia":[{"embeddable":true,"href":"https:\/\/encuentroinformativo.com.mx\/index.php?rest_route=\/wp\/v2\/media\/261"}],"wp:attachment":[{"href":"https:\/\/encuentroinformativo.com.mx\/index.php?rest_route=%2Fwp%2Fv2%2Fmedia&parent=1118"}],"wp:term":[{"taxonomy":"category","embeddable":true,"href":"https:\/\/encuentroinformativo.com.mx\/index.php?rest_route=%2Fwp%2Fv2%2Fcategories&post=1118"},{"taxonomy":"post_tag","embeddable":true,"href":"https:\/\/encuentroinformativo.com.mx\/index.php?rest_route=%2Fwp%2Fv2%2Ftags&post=1118"}],"curies":[{"name":"wp","href":"https:\/\/api.w.org\/{rel}","templated":true}]}}