{"id":11198,"date":"2021-02-17T08:09:46","date_gmt":"2021-02-17T14:09:46","guid":{"rendered":"https:\/\/encuentroinformativo.com.mx\/?p=11198"},"modified":"2021-02-17T08:09:49","modified_gmt":"2021-02-17T14:09:49","slug":"recibe-pes-respuesta-positiva-en-ciudad-mendoza","status":"publish","type":"post","link":"https:\/\/encuentroinformativo.com.mx\/?p=11198","title":{"rendered":"Recibe PES respuesta positiva en Ciudad Mendoza"},"content":{"rendered":"\n<p><strong>*Hace Gonzalo Gu\u00edzar llamado a la Unidad Ciudadana en Camerino Z. Mendoza.<br>*Inauguran oficina del Comit\u00e9 Municipal del Partido Encuentro Solidario<\/strong>.<\/p>\n\n\n\n<p>Camerino Z. Mendoza, Ver.-  Con un llamado a la unidad ciudadana que se ha sumado de forma entusiasta al Partido Encuentro Solidario en esta ciudad, Gonzalo Gu\u00edzar Valladares convivi\u00f3  con Jes\u00fas Reyes y Jes\u00fas Viveros, dirigentes del Comit\u00e9 Directivo Municipal del PES.<\/p>\n\n\n\n<p>En compa\u00f1\u00eda de Eric Ponce, delegado nacional del PES en el distrito XXI; de Libni S\u00e1nchez, diputada local; as\u00ed como Marco Antonio Gu\u00edzar, Miguel Cabrera y Juan Carlos Olvera, integrantes del CDE del PES; Gonzalo Gu\u00edzar Valladares exalt\u00f3 los valores que busca rescatar el PES para transformar la pol\u00edtica en M\u00e9xico.<\/p>\n\n\n\n<p>Flanqueado por la secretaria general del CDM del PES, Karina Perez Ortiz y del l\u00edder juvenil municipal, David Barriso Poceros Sanchez; el l\u00edder estatal del PES cort\u00f3 el list\u00f3n inaugural de la nueva oficina ubicada en pleno centro de la ciudad, en la esquina de la Avenida 2 y la Calle 1.<\/p>\n\n\n\n<p>Rafael Arroniz Palacios y Yogan Jarod Vazquez R\u00edos, dirigentes del PES en los distritos de la zona, tambi\u00e9n hicieron acto de presencia en un evento al que tambi\u00e9n se dieron cita los representantes de los medios de comunicaci\u00f3n de la zona central de Veracruz.<\/p>\n","protected":false},"excerpt":{"rendered":"<p>*Hace Gonzalo Gu\u00edzar llamado a la Unidad Ciudadana en Camerino Z. Mendoza.*Inauguran oficina del Comit\u00e9 Municipal del Partido Encuentro Solidario. Camerino Z. Mendoza, Ver.- Con un llamado a la unidad ciudadana que se ha sumado de forma entusiasta al Partido Encuentro Solidario en esta ciudad, Gonzalo Gu\u00edzar Valladares convivi\u00f3 con Jes\u00fas Reyes y Jes\u00fas Viveros, [&hellip;]<\/p>\n","protected":false},"author":1,"featured_media":11199,"comment_status":"open","ping_status":"open","sticky":false,"template":"","format":"standard","meta":{"_jetpack_memberships_contains_paid_content":false,"footnotes":""},"categories":[2],"tags":[],"class_list":["post-11198","post","type-post","status-publish","format-standard","has-post-thumbnail","hentry","category-estado"],"jetpack_featured_media_url":"https:\/\/encuentroinformativo.com.mx\/wp-content\/uploads\/2021\/02\/F9270CB1-7D5C-4E28-A0CF-978C09250B1F.jpeg","jetpack_sharing_enabled":true,"jetpack_likes_enabled":true,"amp_enabled":true,"_links":{"self":[{"href":"https:\/\/encuentroinformativo.com.mx\/index.php?rest_route=\/wp\/v2\/posts\/11198","targetHints":{"allow":["GET"]}}],"collection":[{"href":"https:\/\/encuentroinformativo.com.mx\/index.php?rest_route=\/wp\/v2\/posts"}],"about":[{"href":"https:\/\/encuentroinformativo.com.mx\/index.php?rest_route=\/wp\/v2\/types\/post"}],"author":[{"embeddable":true,"href":"https:\/\/encuentroinformativo.com.mx\/index.php?rest_route=\/wp\/v2\/users\/1"}],"replies":[{"embeddable":true,"href":"https:\/\/encuentroinformativo.com.mx\/index.php?rest_route=%2Fwp%2Fv2%2Fcomments&post=11198"}],"version-history":[{"count":1,"href":"https:\/\/encuentroinformativo.com.mx\/index.php?rest_route=\/wp\/v2\/posts\/11198\/revisions"}],"predecessor-version":[{"id":11200,"href":"https:\/\/encuentroinformativo.com.mx\/index.php?rest_route=\/wp\/v2\/posts\/11198\/revisions\/11200"}],"wp:featuredmedia":[{"embeddable":true,"href":"https:\/\/encuentroinformativo.com.mx\/index.php?rest_route=\/wp\/v2\/media\/11199"}],"wp:attachment":[{"href":"https:\/\/encuentroinformativo.com.mx\/index.php?rest_route=%2Fwp%2Fv2%2Fmedia&parent=11198"}],"wp:term":[{"taxonomy":"category","embeddable":true,"href":"https:\/\/encuentroinformativo.com.mx\/index.php?rest_route=%2Fwp%2Fv2%2Fcategories&post=11198"},{"taxonomy":"post_tag","embeddable":true,"href":"https:\/\/encuentroinformativo.com.mx\/index.php?rest_route=%2Fwp%2Fv2%2Ftags&post=11198"}],"curies":[{"name":"wp","href":"https:\/\/api.w.org\/{rel}","templated":true}]}}