{"id":1120,"date":"2020-03-20T12:38:53","date_gmt":"2020-03-20T18:38:53","guid":{"rendered":"https:\/\/encuentroinformativo.com\/?p=1120"},"modified":"2020-03-20T20:27:32","modified_gmt":"2020-03-21T02:27:32","slug":"familiares-demandan-a-empresa-de-autotransporte-cubrir-gastos-de-joven-atropellado","status":"publish","type":"post","link":"https:\/\/encuentroinformativo.com.mx\/?p=1120","title":{"rendered":"Familiares demandan a empresa de autotransporte cubrir gastos de joven atropellado"},"content":{"rendered":"\n<p><strong>Juan Arcos\/Dar\u00edo Pale <\/strong><\/p>\n\n\n\n<p>Xalapa, Ver.- Familiares y amigos de Gabriel S\u00e1nchez Dur\u00e1n, un joven de 20 a\u00f1os que fue atropellado por un cami\u00f3n de la l\u00ednea Autotransportes Banderilla, protestaron frente a Palacio de Gobierno.<\/p>\n\n\n\n<p>Los quejosos exigieron a las autoridades que se cubran los gastos m\u00e9dicos de Gabriel y, en caso de ser necesario, una indemnizaci\u00f3n.<\/p>\n\n\n\n<p>De acuerdo con Ram\u00f3n S\u00e1nchez Ortiz, padre del joven, Gabriel podr\u00eda perder la pierna derecha tras ser arrollado por el cami\u00f3n de pasajeros el pasado 7 de marzo en el bulevar Xalapa-Banderilla.<\/p>\n\n\n\n<p>Record\u00f3 que, seg\u00fan el testimonio del joven, el accidente ocurri\u00f3 porque el camionero circulaba a exceso de velocidad y, en una maniobra, arroll\u00f3 al joven que viajaba en una motocicleta junto con su esposa; ella tambi\u00e9n sufri\u00f3 una fractura en su pierna derecha.<\/p>\n\n\n\n<p>\u201cGabriel dice que el autob\u00fas ven\u00eda muy r\u00e1pido y cuando vio que ven\u00eda encima de \u00e9l se quiso quitar, pero no pudo porque del otro lado ven\u00eda un veh\u00edculo y fue cuando lo atropell\u00f3\u201d.<\/p>\n\n\n\n<p>Gabriel result\u00f3 con una fractura expuesta y otra lesi\u00f3n en el pie.<\/p>\n\n\n\n<p>Las personas denunciaron que la l\u00ednea de Autotransportes Banderilla no se han hecho responsables.<\/p>\n\n\n\n<p>Lo anterior, pese a que existe una denuncia contra el conductor de la unidad por los da\u00f1os ocasionados.<\/p>\n\n\n\n<p>El accidente fue en el &nbsp;Boulevard Xalapa-Banderilla frente al<em> City Bank<\/em>, el s\u00e1bado 7 de marzo as\u00ed lo extern\u00f3 Ram\u00f3n S\u00e1nchez padre del atropellado originario de la Cebollana del municipio de Tlacolulan, quien se\u00f1al\u00f3 que Tr\u00e1nsito y Transporte dictamin\u00f3 que el cami\u00f3n de los Transportes Banderilla estaba estacionado lo cual es totalmente falso.<\/p>\n\n\n\n<p>\u201cLo atropell\u00f3 un Banderilla en el bulevar Xalapa-Banderilla, el s\u00e1bado 7 de marzo, alrededor de las 7:30 de la tarde. Dijeron que se iban a hacer responsables desde el inicio, pero no lo han hecho\u201d, enfatiz\u00f3.<\/p>\n\n\n\n<figure class=\"wp-block-image size-large\"><img loading=\"lazy\" decoding=\"async\" width=\"1144\" height=\"797\" src=\"https:\/\/i1.wp.com\/encuentroinformativo.com\/wp-content\/uploads\/2020\/03\/283CDEDC-AC16-4A54-BBBB-84F927C804A6.jpeg?fit=640%2C446&amp;ssl=1\" alt=\"\" class=\"wp-image-1122\" srcset=\"https:\/\/encuentroinformativo.com.mx\/wp-content\/uploads\/2020\/03\/283CDEDC-AC16-4A54-BBBB-84F927C804A6.jpeg 1144w, https:\/\/encuentroinformativo.com.mx\/wp-content\/uploads\/2020\/03\/283CDEDC-AC16-4A54-BBBB-84F927C804A6-300x209.jpeg 300w, https:\/\/encuentroinformativo.com.mx\/wp-content\/uploads\/2020\/03\/283CDEDC-AC16-4A54-BBBB-84F927C804A6-1024x713.jpeg 1024w, https:\/\/encuentroinformativo.com.mx\/wp-content\/uploads\/2020\/03\/283CDEDC-AC16-4A54-BBBB-84F927C804A6-768x535.jpeg 768w\" sizes=\"auto, (max-width: 1144px) 100vw, 1144px\" \/><\/figure>\n","protected":false},"excerpt":{"rendered":"<p>Juan Arcos\/Dar\u00edo Pale Xalapa, Ver.- Familiares y amigos de Gabriel S\u00e1nchez Dur\u00e1n, un joven de 20 a\u00f1os que fue atropellado por un cami\u00f3n de la l\u00ednea Autotransportes Banderilla, protestaron frente a Palacio de Gobierno. Los quejosos exigieron a las autoridades que se cubran los gastos m\u00e9dicos de Gabriel y, en caso de ser necesario, una [&hellip;]<\/p>\n","protected":false},"author":1,"featured_media":1121,"comment_status":"open","ping_status":"open","sticky":false,"template":"","format":"standard","meta":{"_jetpack_memberships_contains_paid_content":false,"footnotes":""},"categories":[8],"tags":[],"class_list":["post-1120","post","type-post","status-publish","format-standard","has-post-thumbnail","hentry","category-region"],"jetpack_featured_media_url":"https:\/\/encuentroinformativo.com.mx\/wp-content\/uploads\/2020\/03\/043F2CC6-4600-40EC-98A2-DC524436C39E.jpeg","jetpack_sharing_enabled":true,"jetpack_likes_enabled":true,"amp_enabled":true,"_links":{"self":[{"href":"https:\/\/encuentroinformativo.com.mx\/index.php?rest_route=\/wp\/v2\/posts\/1120","targetHints":{"allow":["GET"]}}],"collection":[{"href":"https:\/\/encuentroinformativo.com.mx\/index.php?rest_route=\/wp\/v2\/posts"}],"about":[{"href":"https:\/\/encuentroinformativo.com.mx\/index.php?rest_route=\/wp\/v2\/types\/post"}],"author":[{"embeddable":true,"href":"https:\/\/encuentroinformativo.com.mx\/index.php?rest_route=\/wp\/v2\/users\/1"}],"replies":[{"embeddable":true,"href":"https:\/\/encuentroinformativo.com.mx\/index.php?rest_route=%2Fwp%2Fv2%2Fcomments&post=1120"}],"version-history":[{"count":2,"href":"https:\/\/encuentroinformativo.com.mx\/index.php?rest_route=\/wp\/v2\/posts\/1120\/revisions"}],"predecessor-version":[{"id":1139,"href":"https:\/\/encuentroinformativo.com.mx\/index.php?rest_route=\/wp\/v2\/posts\/1120\/revisions\/1139"}],"wp:featuredmedia":[{"embeddable":true,"href":"https:\/\/encuentroinformativo.com.mx\/index.php?rest_route=\/wp\/v2\/media\/1121"}],"wp:attachment":[{"href":"https:\/\/encuentroinformativo.com.mx\/index.php?rest_route=%2Fwp%2Fv2%2Fmedia&parent=1120"}],"wp:term":[{"taxonomy":"category","embeddable":true,"href":"https:\/\/encuentroinformativo.com.mx\/index.php?rest_route=%2Fwp%2Fv2%2Fcategories&post=1120"},{"taxonomy":"post_tag","embeddable":true,"href":"https:\/\/encuentroinformativo.com.mx\/index.php?rest_route=%2Fwp%2Fv2%2Ftags&post=1120"}],"curies":[{"name":"wp","href":"https:\/\/api.w.org\/{rel}","templated":true}]}}