{"id":11201,"date":"2021-02-17T09:31:19","date_gmt":"2021-02-17T15:31:19","guid":{"rendered":"https:\/\/encuentroinformativo.com.mx\/?p=11201"},"modified":"2021-02-17T09:31:21","modified_gmt":"2021-02-17T15:31:21","slug":"la-fiscala-le-fallo-al-gobernador","status":"publish","type":"post","link":"https:\/\/encuentroinformativo.com.mx\/?p=11201","title":{"rendered":"LA FISCALA LE FALL\u00d3 AL GOBERNADOR"},"content":{"rendered":"\n<ul class=\"wp-block-list\"><li>IVAI rendir\u00e1 comparecencia este mi\u00e9rcoles.<\/li><li>Dos d\u00edas de brazos ca\u00eddos en Dos Bocas.<\/li><li>T\u00eda Rosa votar\u00e1 por Ahued.<\/li><\/ul>\n\n\n\n<p>No seas gacho, Bartlett, corta la luz<br>en Coatepec para no trabajar<br>\u2014Chopenjawer web-on-master<\/p>\n\n\n\n<p>Hasta el cierre de esta columna, han pasado m\u00e1s de 36 horas y la titular de la Fiscal\u00eda General del Estado, Ver\u00f3nica Hern\u00e1ndez Giad\u00e1ns, parece haberse concentrado m\u00e1s en su comparecencia ante el Congreso del Estado que en resolver el crimen de Gladys Merl\u00edn y su hija Carla.<\/p>\n\n\n\n<p>De entrada, se centr\u00f3 en la misma cantaleta: no habr\u00e1 impunidad, como si eso fuese garant\u00eda de algo a estas alturas de un Veracruz inmerso en violencia previo a las elecciones.<\/p>\n\n\n\n<p>El caso tiene dos testigos (c\u00f3mplices o v\u00edctimas) que presenciaron los sangrientos hechos; dos vigilantes que cuidaban la casa de Gladys, pero a\u00fan as\u00ed parece que a la Fiscal\u00eda General del Estado le cuesta trabajo resolver el tema.<\/p>\n\n\n\n<p>Lo anterior, por donde se le vea, abona a la desinformaci\u00f3n y a la creaci\u00f3n de rumores que dif\u00edcilmente se borran del imaginario colectivo, porque quedan muy arraigados y adem\u00e1s mellan la de por s\u00ed desgastada confianza de la gente en las instituciones.<\/p>\n\n\n\n<p>Con dos testigos vivos, la titular de la FGE incre\u00edblemente no ha podido resolver un crimen, y tal parece que le ganaron el brinco dos columnistas nacionales (Jorge Fern\u00e1ndez Men\u00e9ndez y Salvador Garc\u00eda Soto) quienes salieron ambos con la misma versi\u00f3n &#8211;uno con m\u00e1s datos que otro&#8211; sobre que el personal de seguridad estar\u00eda involucrado en el asesinato de Gladys y Carla, adem\u00e1s de robarse una fuerte cantidad de dinero.<\/p>\n\n\n\n<p>Una fuente policiaca me comenta que el jefe de escoltas de la exalcaldesa de Cosoleacaque estuvo en la Secretar\u00eda de Seguridad P\u00fablica, recomendado en alg\u00fan momento por altas esferas del PRI y el general Domiro Garc\u00eda, exjefe de Seguridad del asesinado Colosio y funcionario de Seguridad P\u00fablica en el gobierno de Javier Duarte.<\/p>\n\n\n\n<p>Al salir la versi\u00f3n extraoficial de los columnistas de medios nacionales, ahora la Fiscal\u00eda no tendr\u00e1 m\u00e1s que dos opciones: desmentirlos con algo muy contundente o confirmarlos y quedar como los que resolvieron el crimen despu\u00e9s de los periodistas.<\/p>\n\n\n\n<p>La misma titular de la Fiscal\u00eda era para que hubiese estado en la conferencia de prensa que dio el gobernador este lunes, pero por una extra\u00f1a raz\u00f3n no hizo acto de presencia y dej\u00f3 que el mandatario diera la cara por ella. Ten\u00eda que haber estado ah\u00ed para informar, en el marco de la legalidad y secrec\u00eda.<\/p>\n\n\n\n<p>Dicen que las comparaciones son odiosas, pero siquiera Winckler daba sus miniconferencias, muy ad hoc a la estatura del hoy pr\u00f3fugo.<\/p>\n\n\n\n<p><strong>CARLA PENSABA IR POR MORENA, CONFIRMA HERMANO<\/strong><\/p>\n\n\n\n<p>La noche de este lunes fueron velados los restos de Gladys Merl\u00edn Castro y Carla Enr\u00edquez Merl\u00edn, luego de haber sido asesinadas brutalmente al interior de su residencia, ubicada en la calle Correos, en el poblado de Cosoleacaque.<\/p>\n\n\n\n<p>Sus f\u00e9retros estuvieron toda la madrugada en la capilla y funeraria Cristo Rey, ubicada en Minatitl\u00e1n, a unos metros de las instalaciones de la Polic\u00eda Municipal y Ministerial.<\/p>\n\n\n\n<p>Esta ma\u00f1ana Emigdio Enr\u00edquez Merl\u00edn, hijo y hermano, sali\u00f3 de dichas instalaciones a hablar con los medios de comunicaci\u00f3n. Visiblemente afectado, dio declaraciones en torno a lo que ocurr\u00eda.<\/p>\n\n\n\n<p>&#8220;Pido justicia, va a haber justicia, s\u00e9 que las autoridades estatales y federales est\u00e1n haciendo toda su labor\u2026 Le agradezco al se\u00f1or Gobernador, al Secretario de Gobierno, al secretario de Seguridad P\u00fablica todo el apoyo que est\u00e1n brindando a m\u00ed y a mi familia en estos duros momentos&#8221;, expres\u00f3.<\/p>\n\n\n\n<p>A pregunta expresa de reporteros sobre las intenciones de su hermana para participar por Morena a la alcald\u00eda de Cosoleacaque, Enr\u00edquez Merl\u00edn confirm\u00f3 que ella hab\u00eda sido invitada y pensaba participar.<\/p>\n\n\n\n<p><strong>LOS CACICAZGOS<\/strong><\/p>\n\n\n\n<p>Este lunes, durante la conferencia de prensa ofrecida desde Palacio de Gobierno, el gobernador Cuitl\u00e1huac Garc\u00eda Jim\u00e9nez habl\u00f3 de cacicazgos en la zona, lo que es muy real y conocido en la regi\u00f3n de Cosoleacaque.<\/p>\n\n\n\n<p>&#8220;En Cosoleacaque los cacicazgos est\u00e1n muy claros y el pueblo lo sabe, si alguien pretende que haciendo estos homicidios va a desviar esto, se va a topar con pared porque no hay impunidad y es un pueblo ya consciente que sabe perfectamente qu\u00e9 est\u00e1 pasando&#8221;, asegur\u00f3.<\/p>\n\n\n\n<p>Este lunes en Versiones.com.mx, escribimos precisamente sobre la lucha hist\u00f3rica entre las familias Merl\u00edn y los V\u00e1squez. Los primeros, encabezados por el jefe pol\u00edtico Heliodoro Merl\u00edn, quien mantuvo a raya a Cirilo V\u00e1squez Lagunes, neg\u00e1ndole el paso al extremo sur de Veracruz y cerc\u00e1ndolo a la regi\u00f3n de Acayucan.<\/p>\n\n\n\n<p>En este sentido, lo que dice el gobernador no es mentira: hay cacicazgos que existen desde hace muchos a\u00f1os; grupos de poder regional (en el sur de Veracruz, principalmente ganaderos y petroleros) que han controlado ayuntamientos, partidos pol\u00edticos, diputados, contratos de obra p\u00fablica, negocios ligados al poder pol\u00edtico &#8211;como vales de gasolina&#8211;, entre otros.<\/p>\n\n\n\n<p>De alguna u otra manera, estos grupos conservaron y guardaron la paz en la regi\u00f3n por muchos a\u00f1os, de no ser por la entrada de los c\u00e1rteles de la droga a principios del siglo, que cambi\u00f3 todo el panorama. Tampoco quiere decir que estos grupos eran totalmente benignos y unas blancas palomas; claro que hubo enriquecimientos y tr\u00e1fico de influencias, entre otras lindezas, pero al menos no hab\u00eda una violencia tan inusitada como en los \u00faltimos a\u00f1os.<\/p>\n\n\n\n<p>Es m\u00e1s, una noticia que sorprendi\u00f3 a la sociedad en los a\u00f1os 90 &#8211;cuando era algo impensable y no el pan de cada d\u00eda&#8211; fue precisamente el secuestro de uno de los hijos de Don Heliodoro.<\/p>\n\n\n\n<p>Los grupos de poder regional en el sur tambi\u00e9n ten\u00edan contacto con los viejos jefes policiacos como el comandante Alfonso Lara Montero, con quienes ten\u00edan acuerdos muy claros para que no se desbordara la violencia, bajo la advertencia de que cualquier situaci\u00f3n de esta naturaleza, ser\u00eda castigada, arrestando a los responsables. Otros jefes policiacos de la misma escuela de Lara Montero, fundadores de Seguridad P\u00fablica, tambi\u00e9n participaban para apaciguar la regi\u00f3n.<\/p>\n\n\n\n<p>Estos grupos de poder y los jefes policiacos, durante a\u00f1os hicieron alianza para no permitir el paso del aspirante a cacique Cirilo V\u00e1squez Lagunes, quien intent\u00f3 en sus \u00faltimos a\u00f1os de vida meterse a Minatitl\u00e1n, v\u00eda la zona rural, a trav\u00e9s de Renato Tronco G\u00f3mez, quien comenzaba como un l\u00edder social de un movimiento de protesta que exig\u00eda beneficios para Las Choapas (hoy cabecera municipal, pero alguna vez congregaci\u00f3n de Mina).<\/p>\n\n\n\n<p>El asunto es que Renato Tronco se deslig\u00f3 de su primer impulsor e hizo carrera pol\u00edtica propia, con historias llenas de claroscuros hasta el d\u00eda de hoy.<\/p>\n\n\n\n<p>La vertiente de los cacicazgos planteada del gobernador en realidad no se cae, porque ahora se sabe que Carla Enr\u00edquez s\u00ed ten\u00eda invitaci\u00f3n por parte de Morena para participar como candidata a alcaldesa por ese partido.<\/p>\n\n\n\n<p>&#8220;Es cierto, ella hab\u00eda sido invitada\u2026 Ella pensaba participar por el movimiento; ya ten\u00eda rato ella alejada del priismo. Como ella dec\u00eda: los ideales no eran lo mismo que el PRI de antes, ella ten\u00eda tiempo trabajando&#8221;, confirm\u00f3 Emigdio a periodistas, justo afuera de la funeraria donde fueron veladas su madre y hermana.<\/p>\n\n\n\n<p>La \u00faltima parte de esa frase cobra mucha relevancia porque la familia Merl\u00edn hab\u00eda perdido mucha fuerza desde que los hermanos V\u00e1squez Parissi (Cirilo y Ponciano, hijos de Cirilo V\u00e1squez Lagunes) tomaron posesi\u00f3n del Palacio Municipal de Cosoleacaque, donde se alternan las alcald\u00edas como una nueva forma de cacicazgo.<\/p>\n\n\n\n<p>Estando los Merl\u00edn con poca simpat\u00eda popular, pero con recursos y el respaldo de grupos amigos (hay que subrayar que siguen siendo una fuerza pol\u00edtica pesada y le saben a esto del poder), esta familia, a trav\u00e9s de Carla, hubiese vuelto sin problema a los escenarios pol\u00edticos para recuperar el territorio del que alguna vez fue jefe el patriarca Don Heliodoro.<\/p>\n\n\n\n<p>Era Carla la indicada porque desde que fue presidenta del DIF municipal, ya ten\u00eda un trabajo social comprobado en colonias y comunidades. Un vistazo a sus redes sociales, y se puede tambi\u00e9n verificar que ella segu\u00eda realizando esta misma labor y adem\u00e1s manten\u00eda contacto con sus simpatizantes. Ten\u00eda buena imagen, buen manejo del &#8220;social networking&#8221; y contacto con medios de comunicaci\u00f3n.<\/p>\n\n\n\n<p>&#8220;Apenas ayer nos mandamos mensajitos del D\u00eda del Amor y la Amistad&#8221;, me confi\u00f3 una amiga tuxtleca al momento de saber del atroz crimen.<\/p>\n\n\n\n<p><strong>SEPELIO<\/strong><\/p>\n\n\n\n<p>Alrededor de la una de la tarde, Gladys y Carla fueron sepultadas en el Pante\u00f3n Municipal de Cosoleacaque. Poco antes, el cortejo f\u00fanebre pas\u00f3 a la casa de Don Heliodoro, donde el patriarca se despidi\u00f3 de su hija y nieta.<\/p>\n\n\n\n<p>Al pante\u00f3n municipal de Cosoleacaque, acudieron familiares y algunos actores pol\u00edticos de Morena, como la diputada federal de MORENA por Coatzacoalcos, Flora Tania Cruz Santos.<\/p>\n\n\n\n<p><strong>CARLA TAMBI\u00c9N IBA A REGISTRARSE POR EL PRI<\/strong><\/p>\n\n\n\n<p>Si bien su hermano Emigdio confirm\u00f3 que iba a buscar la alcald\u00eda por Morena, fuentes del Partido Revolucionario Institucional tambi\u00e9n comentan que Carla Enr\u00edquez, hasta hace tres semanas, estaba por registrarse con el PRI para buscar la diputaci\u00f3n local, yendo en f\u00f3rmula con Ponciano V\u00e1squez a la alcald\u00eda.<\/p>\n\n\n\n<p>Con esta f\u00f3rmula, el PRI mataba dos p\u00e1jaros de un tiro: un distrito marcado para cuestiones de g\u00e9nero y para j\u00f3venes menores de 28 a\u00f1os.<\/p>\n\n\n\n<p>Algo pas\u00f3 que finalmente no acudi\u00f3 a registrarse, pero s\u00ed se registr\u00f3 la que estaba proponiendo como suplente, de nombre Isela Gonz\u00e1lez.<\/p>\n\n\n\n<p>Una versi\u00f3n es que Carla no quer\u00eda arriesgarse a perder por los votos que existen en la sierra de Tatahuicapan (perteneciente al distrito de Cosoleacaque) zona donde no hab\u00eda caminado. No quer\u00eda repetir el escenario de 2016, cuando fue derrotada en la diputaci\u00f3n local &#8211;en una muy re\u00f1ida elecci\u00f3n&#8211; con Roc\u00edo P\u00e9rez, hoy secretaria de Medio Ambiente del Gobierno de Veracruz.<\/p>\n\n\n\n<p>En el mismo PRI dicen que nunca renunciaron a ese partido ni Gladys ni Carla, as\u00ed como tampoco hay certeza de que realmente se haya registrado para buscar la alcald\u00eda por Morena, m\u00e1s all\u00e1 de la invitaci\u00f3n.<\/p>\n\n\n\n<p>Lo que s\u00ed fue un hecho, es que Carla fue representante de Alejandro &#8220;Alito&#8221; Moreno, presidente del PRI nacional, en la mesa electoral instalada en Veracruz cuando \u00e9ste compiti\u00f3 por la dirigencia nacional del tricolor. El coordinador territorial de la campa\u00f1a de &#8220;Alito&#8221; en Veracruz era Cirilo V\u00e1squez Parissi.<\/p>\n\n\n\n<p>En teor\u00eda, pareciera que los j\u00f3venes de ambas familias, los Merl\u00edn y los V\u00e1squez, no estaban peleados.<\/p>\n\n\n\n<p><strong>NOTA PARA PEGAR EN EL REFRI:<\/strong> Este mi\u00e9rcoles, el Instituto Veracruzano de Acceso a la Informaci\u00f3n y Protecci\u00f3n de Datos Personales, con su comisionada presidente Naldy Patricia Rodr\u00edguez Lagunes al frente, rendir\u00e1 comparecencia ante el Congreso del Estado. Ah\u00ed la titular sin duda dar\u00e1 cuenta del gran esfuerzo y labor que ha llevado a cabo el IVAI para sacar adelante los rezagos en expedientes y dar seguimiento a las solicitudes de informaci\u00f3n. Naldy, adem\u00e1s de ser una periodista brillante, ha demostrado ser una eficaz servidora comprometida con el cargo.<\/p>\n\n\n\n<p><strong>OTRA NOTA: <\/strong>Que llevan dos d\u00edas en paro en la construcci\u00f3n de la refiner\u00eda de Dos Bocas. Se trata de trabajadores de la constructora ICA-Fluor que protestan por las condiciones de trabajo, adem\u00e1s del horario donde no se les paga horas extras\u2026 Sin duda es muy distinto ver los videos triunfalistas de de Roc\u00edo Nahle los lunes en la &#8220;ma\u00f1anera&#8221; a la realidad de la situaci\u00f3n laboral.<\/p>\n\n\n\n<p><strong>LA \u00daLTIMA PORQUE NO ENCUENTRO MI DISCO DE LOS TRES UNPLUGGED (UNO QUE ES NOST\u00c1LGICO, YA SABE):<\/strong> Que la exprimera Dama de Veracruz, Rosa Borunda de Herrera, esposa de T\u00edo Fide, puso en Tuiter &#8211;luego lo borr\u00f3&#8211; que votar\u00e1 por Ricardo Ahued Bardahuil como candidato a alcalde de Xalapa, en los comicios del 6 de junio de este a\u00f1o\u2026 &#8220;Quiero manifestar mi inconformidad por la subasta de candidaturas en el @PRIVeracruz_ En Xalapa votare por @ahuedricardo no por morena! Voto razonado!&#8221;\u2026 \u00a1Mokos, petra!<\/p>\n\n\n\n<p><strong>@pablojair<\/strong><\/p>\n","protected":false},"excerpt":{"rendered":"<p>IVAI rendir\u00e1 comparecencia este mi\u00e9rcoles. Dos d\u00edas de brazos ca\u00eddos en Dos Bocas. T\u00eda Rosa votar\u00e1 por Ahued. No seas gacho, Bartlett, corta la luzen Coatepec para no trabajar\u2014Chopenjawer web-on-master Hasta el cierre de esta columna, han pasado m\u00e1s de 36 horas y la titular de la Fiscal\u00eda General del Estado, Ver\u00f3nica Hern\u00e1ndez Giad\u00e1ns, parece [&hellip;]<\/p>\n","protected":false},"author":1,"featured_media":488,"comment_status":"open","ping_status":"open","sticky":false,"template":"","format":"standard","meta":{"_jetpack_memberships_contains_paid_content":false,"footnotes":""},"categories":[11],"tags":[],"class_list":["post-11201","post","type-post","status-publish","format-standard","has-post-thumbnail","hentry","category-opinion"],"jetpack_featured_media_url":"https:\/\/encuentroinformativo.com.mx\/wp-content\/uploads\/2020\/03\/F471F608-BA1A-416B-BA7B-BCFB24F4E6D0.jpeg","jetpack_sharing_enabled":true,"jetpack_likes_enabled":true,"amp_enabled":true,"_links":{"self":[{"href":"https:\/\/encuentroinformativo.com.mx\/index.php?rest_route=\/wp\/v2\/posts\/11201","targetHints":{"allow":["GET"]}}],"collection":[{"href":"https:\/\/encuentroinformativo.com.mx\/index.php?rest_route=\/wp\/v2\/posts"}],"about":[{"href":"https:\/\/encuentroinformativo.com.mx\/index.php?rest_route=\/wp\/v2\/types\/post"}],"author":[{"embeddable":true,"href":"https:\/\/encuentroinformativo.com.mx\/index.php?rest_route=\/wp\/v2\/users\/1"}],"replies":[{"embeddable":true,"href":"https:\/\/encuentroinformativo.com.mx\/index.php?rest_route=%2Fwp%2Fv2%2Fcomments&post=11201"}],"version-history":[{"count":1,"href":"https:\/\/encuentroinformativo.com.mx\/index.php?rest_route=\/wp\/v2\/posts\/11201\/revisions"}],"predecessor-version":[{"id":11202,"href":"https:\/\/encuentroinformativo.com.mx\/index.php?rest_route=\/wp\/v2\/posts\/11201\/revisions\/11202"}],"wp:featuredmedia":[{"embeddable":true,"href":"https:\/\/encuentroinformativo.com.mx\/index.php?rest_route=\/wp\/v2\/media\/488"}],"wp:attachment":[{"href":"https:\/\/encuentroinformativo.com.mx\/index.php?rest_route=%2Fwp%2Fv2%2Fmedia&parent=11201"}],"wp:term":[{"taxonomy":"category","embeddable":true,"href":"https:\/\/encuentroinformativo.com.mx\/index.php?rest_route=%2Fwp%2Fv2%2Fcategories&post=11201"},{"taxonomy":"post_tag","embeddable":true,"href":"https:\/\/encuentroinformativo.com.mx\/index.php?rest_route=%2Fwp%2Fv2%2Ftags&post=11201"}],"curies":[{"name":"wp","href":"https:\/\/api.w.org\/{rel}","templated":true}]}}