{"id":11206,"date":"2021-02-17T11:50:28","date_gmt":"2021-02-17T17:50:28","guid":{"rendered":"https:\/\/encuentroinformativo.com.mx\/?p=11206"},"modified":"2021-02-17T11:50:35","modified_gmt":"2021-02-17T17:50:35","slug":"coatepec-al-pan-le-conviene","status":"publish","type":"post","link":"https:\/\/encuentroinformativo.com.mx\/?p=11206","title":{"rendered":"Coatepec: Al PAN le conviene"},"content":{"rendered":"\n<p><strong>Los Pol\u00edticos<\/strong><\/p>\n\n\n\n<p><strong>Salvador Mu\u00f1oz<\/strong><\/p>\n\n\n\n<p>Coatepec ser\u00e1 un laboratorio electoral interesante por cualquier lado que se le vea a las curules como a la presidencia municipal.<\/p>\n\n\n\n<p>Si nos abocamos a la curul federal, el primer personaje a destacar sin duda debe ser Pepe Yunes Zorrilla, quien busca reconstruir el tejido que durante muchos a\u00f1os teji\u00f3 en torno a su figura. Si otra cosa no ocurre, se ha de medir a Adri\u00e1n Gonz\u00e1lez Naveda por Morena\u2026 cuando decimos \u201csi otra cosa no ocurre\u201d es porque a Morena le est\u00e1n ganando las ansias de matador y no est\u00e1n contemplando los estrategas electorales (ni los del Gobernador ni los huertistas) la paridad de g\u00e9nero\u2026 pero mientras eso se aclara, pueden ir midiendo los electores del distrito el encuentro entre Yunes y Naveda\u2026 \u00a1ah! aunque hay que recordar que ahora, va PRI con PAN y PRD y en pol\u00edtica, se trata de sumar para multiplicar.En el asunto de la curul local, Ever-Ardo Soto Matla por el PAN, a\u00fan no tiene definido el contrincante porque en Morena, cuando no es la guerra intestina entre Gonzalo Vicencio contra Esteban Ram\u00edrez Zepeta (ya superada), ahora es el inter\u00e9s de los huertistas por poner al regidor Nacho Luna como candidato por una curul en el Palacio de Encanto por encima del que pretende Bola, Luis Ronaldo Z\u00e1rate.Si se pregunta qui\u00e9n es Luis Ronaldo, no se preocupe, la misma pregunta se hacen los coatepecanos en voz de Mal\u00fa Gonz\u00e1lez Rojano: \u201c\u00bfAlguien me puede decir si conoce a este tipo? Se registr\u00f3 para representarnos y yo que llevo a\u00f1os en la lucha social jam\u00e1s en mi vida lo vi. \u00a1Basta de arribistas que s\u00f3lo por hacerle ojitos y ponerse \u00a0agachadito con ya saben qui\u00e9n, les dan candidaturas! Quisiera saber su trayectoria o camino andado que dudo lo tenga. \u00a1Enojada mil!\u201dPor cierto, hablando de paridad de g\u00e9nero, est\u00e1 Arely Bonilla, quien es impulsada por el PT a la diputaci\u00f3n local.Si nos atenemos a lo que presume Morena, ser\u00eda cuesti\u00f3n entonces de poner a Nacho Luna, Luis Z\u00e1rate y Arely Bonilla ante una encuesta en el distrito, para ver de qu\u00e9 est\u00e1 hecho cada uno de los precandidatos citados\u2026 es claro qui\u00e9n ganar\u00eda y en una de \u00e9sas, Morena tendr\u00eda resuelto el asunto de la paridad de g\u00e9nero&#8230;En el caso de la presidencia municipal, hay dos precandidatos: Raymundo Rivera Andrade, actual diputado local; y Rigo Amezcua Mora, el hijo de la actual diputada federal Carmen Mora Garc\u00eda.Creo que en la presentaci\u00f3n de los contendientes se dice mucho\u2026 el asunto es qui\u00e9n respalda a \u00e9stos.Por un lado, Raymundo es considerado el candidato de Morena, de los Cuitlahuistas, del Gobernador; por otro lado, Rigo est\u00e1 dentro de la cuadra de los huertistas donde se incluye a Naveda y tambi\u00e9n a Nacho Luna\u2026Hay que considerar el trabajo de uno como del otro\u2026 el primero, fundador de Morena en Coatepec y con un buen de votos obtenidos en la pasada contienda que puede refrendar ahora compitiendo por el municipio; Rigo, \u00bfya dijimos que es el hijo de la actual diputada federal?<\/p>\n\n\n\n<p>Morena debe poner en la mesa dos cosas: las encuestas colocan al partido muy por encima de sus contendientes\u2026 el asunto es a la hora de citar a los precandidatos\u2026 \u00bfcu\u00e1les de estos ac\u00e1 citados son garant\u00eda de triunfo y cu\u00e1les son m\u00e1s piezas de grupos, o de intereses particulares?<\/p>\n\n\n\n<p>Empiecen a hacer n\u00fameros\u2026 porque en el PAN, ya saben qu\u00e9 morenos les conviene que vayan como candidatos.<\/p>\n\n\n\n<p><br><a rel=\"noreferrer noopener\" href=\"mailto:smcainito@gmail.com\" target=\"_blank\">smcainito@gmail.com<\/a><\/p>\n","protected":false},"excerpt":{"rendered":"<p>Los Pol\u00edticos Salvador Mu\u00f1oz Coatepec ser\u00e1 un laboratorio electoral interesante por cualquier lado que se le vea a las curules como a la presidencia municipal. Si nos abocamos a la curul federal, el primer personaje a destacar sin duda debe ser Pepe Yunes Zorrilla, quien busca reconstruir el tejido que durante muchos a\u00f1os teji\u00f3 en [&hellip;]<\/p>\n","protected":false},"author":1,"featured_media":70,"comment_status":"open","ping_status":"open","sticky":false,"template":"","format":"standard","meta":{"_jetpack_memberships_contains_paid_content":false,"footnotes":""},"categories":[11],"tags":[],"class_list":["post-11206","post","type-post","status-publish","format-standard","has-post-thumbnail","hentry","category-opinion"],"jetpack_featured_media_url":"https:\/\/encuentroinformativo.com.mx\/wp-content\/uploads\/2020\/02\/opinion-invitado.jpg","jetpack_sharing_enabled":true,"jetpack_likes_enabled":true,"amp_enabled":true,"_links":{"self":[{"href":"https:\/\/encuentroinformativo.com.mx\/index.php?rest_route=\/wp\/v2\/posts\/11206","targetHints":{"allow":["GET"]}}],"collection":[{"href":"https:\/\/encuentroinformativo.com.mx\/index.php?rest_route=\/wp\/v2\/posts"}],"about":[{"href":"https:\/\/encuentroinformativo.com.mx\/index.php?rest_route=\/wp\/v2\/types\/post"}],"author":[{"embeddable":true,"href":"https:\/\/encuentroinformativo.com.mx\/index.php?rest_route=\/wp\/v2\/users\/1"}],"replies":[{"embeddable":true,"href":"https:\/\/encuentroinformativo.com.mx\/index.php?rest_route=%2Fwp%2Fv2%2Fcomments&post=11206"}],"version-history":[{"count":1,"href":"https:\/\/encuentroinformativo.com.mx\/index.php?rest_route=\/wp\/v2\/posts\/11206\/revisions"}],"predecessor-version":[{"id":11207,"href":"https:\/\/encuentroinformativo.com.mx\/index.php?rest_route=\/wp\/v2\/posts\/11206\/revisions\/11207"}],"wp:featuredmedia":[{"embeddable":true,"href":"https:\/\/encuentroinformativo.com.mx\/index.php?rest_route=\/wp\/v2\/media\/70"}],"wp:attachment":[{"href":"https:\/\/encuentroinformativo.com.mx\/index.php?rest_route=%2Fwp%2Fv2%2Fmedia&parent=11206"}],"wp:term":[{"taxonomy":"category","embeddable":true,"href":"https:\/\/encuentroinformativo.com.mx\/index.php?rest_route=%2Fwp%2Fv2%2Fcategories&post=11206"},{"taxonomy":"post_tag","embeddable":true,"href":"https:\/\/encuentroinformativo.com.mx\/index.php?rest_route=%2Fwp%2Fv2%2Ftags&post=11206"}],"curies":[{"name":"wp","href":"https:\/\/api.w.org\/{rel}","templated":true}]}}