{"id":11211,"date":"2021-02-17T12:39:51","date_gmt":"2021-02-17T18:39:51","guid":{"rendered":"https:\/\/encuentroinformativo.com.mx\/?p=11211"},"modified":"2021-02-17T12:39:53","modified_gmt":"2021-02-17T18:39:53","slug":"prd-impulsa-alianza-para-xalapa","status":"publish","type":"post","link":"https:\/\/encuentroinformativo.com.mx\/?p=11211","title":{"rendered":"PRD impulsa alianza para Xalapa"},"content":{"rendered":"\n<p><strong>Dar\u00edo Pale <\/strong><\/p>\n\n\n\n<p>Xalapa, Ver.- Cuando el Estado est\u00e1 hundido en pobreza, inseguridad, feminicidios, desempleo, entre otros el\u00a0 consejero del Partido de la Revoluci\u00f3n Democr\u00e1tica (PRD), Manuel Bernal Rivera, critic\u00f3 la frase &#8220;favorita&#8221; del Gobernador de &#8220;no habr\u00e1 impunidad&#8221;.<\/p>\n\n\n\n<p>En conferencia de prensa realizada en conocido caf\u00e9 del centro de Xalapa, se\u00f1al\u00f3 que por ello, su partido est\u00e1 dispuesto a impulsar la coalici\u00f3n \u00a1Va por Veracruz&#8221; y aunque quieren una alianza para rescatar a Veracruz, debe existir un verdadero consenso.<\/p>\n\n\n\n<p>&#8220;Por eso decimos que en el PRD vamos al rescate de esta tragedia, que desde el PRD vamos a impulsar la alianza Va por Veracruz y lo vamos a hacer con candidaturas triunfadoras&#8221;, se\u00f1al\u00f3.<\/p>\n\n\n\n<p>Consider\u00f3 que la sociedad votar\u00e1 por otra opci\u00f3n pol\u00edtica porque en Veracruz se vive una &#8220;verdadera tragedia&#8221;.<\/p>\n\n\n\n<p>&#8220;El gobierno de Cuitl\u00e1huac no solo no ha cumplido, sino que a dos a\u00f1os, todav\u00eda se pasea de manera graciosa e irresponsable ech\u00e1ndole la culpa a los que ya se fueron. Hoy los titulares irresponsables de este gobierno son ellos: Morena&#8221;, agreg\u00f3.<\/p>\n\n\n\n<p>Afirm\u00f3 que la idea de la Coalici\u00f3n es que haya representatividad democr\u00e1tica, porque hay &#8220;diputaditos&#8221; que s\u00f3lo levantan el dedo para aprobar las iniciativas del Gobernador.<br>Por otra parte, luego de que Sergio Hern\u00e1ndez quiere encabezar la candidatura a la alcald\u00eda de Xalapa, el perredista opin\u00f3 que todos los aspirantes deben someterse al convenio de coalici\u00f3n.<\/p>\n\n\n\n<p>&#8220;Nosotros no vamos a imponer ning\u00fan nombre o apellido, que sea el m\u00e9todo y los partidos coaligados los que resuelvan y el candidato que resulte, desde el PRD lo vamos a apoyar con toda nuestra fortaleza y en la idea de que vamos a rescatar Xalapa&#8221;, puntualiz\u00f3.<\/p>\n\n\n\n<p>Finalmente ante los hechos de violencia ocurridos en los \u00faltimos d\u00edas, consider\u00f3 que exigir justicia es lo menos, pero tiene que ser la FGE la que resuelva y no permita que haya impunidad.<\/p>\n","protected":false},"excerpt":{"rendered":"<p>Dar\u00edo Pale Xalapa, Ver.- Cuando el Estado est\u00e1 hundido en pobreza, inseguridad, feminicidios, desempleo, entre otros el\u00a0 consejero del Partido de la Revoluci\u00f3n Democr\u00e1tica (PRD), Manuel Bernal Rivera, critic\u00f3 la frase &#8220;favorita&#8221; del Gobernador de &#8220;no habr\u00e1 impunidad&#8221;. En conferencia de prensa realizada en conocido caf\u00e9 del centro de Xalapa, se\u00f1al\u00f3 que por ello, su [&hellip;]<\/p>\n","protected":false},"author":1,"featured_media":11212,"comment_status":"open","ping_status":"open","sticky":false,"template":"","format":"standard","meta":{"_jetpack_memberships_contains_paid_content":false,"footnotes":""},"categories":[3],"tags":[],"class_list":["post-11211","post","type-post","status-publish","format-standard","has-post-thumbnail","hentry","category-xalapa"],"jetpack_featured_media_url":"https:\/\/encuentroinformativo.com.mx\/wp-content\/uploads\/2021\/02\/D0290D15-0C9C-4231-ABF8-B4CBD0D1F636.jpeg","jetpack_sharing_enabled":true,"jetpack_likes_enabled":true,"amp_enabled":true,"_links":{"self":[{"href":"https:\/\/encuentroinformativo.com.mx\/index.php?rest_route=\/wp\/v2\/posts\/11211","targetHints":{"allow":["GET"]}}],"collection":[{"href":"https:\/\/encuentroinformativo.com.mx\/index.php?rest_route=\/wp\/v2\/posts"}],"about":[{"href":"https:\/\/encuentroinformativo.com.mx\/index.php?rest_route=\/wp\/v2\/types\/post"}],"author":[{"embeddable":true,"href":"https:\/\/encuentroinformativo.com.mx\/index.php?rest_route=\/wp\/v2\/users\/1"}],"replies":[{"embeddable":true,"href":"https:\/\/encuentroinformativo.com.mx\/index.php?rest_route=%2Fwp%2Fv2%2Fcomments&post=11211"}],"version-history":[{"count":1,"href":"https:\/\/encuentroinformativo.com.mx\/index.php?rest_route=\/wp\/v2\/posts\/11211\/revisions"}],"predecessor-version":[{"id":11213,"href":"https:\/\/encuentroinformativo.com.mx\/index.php?rest_route=\/wp\/v2\/posts\/11211\/revisions\/11213"}],"wp:featuredmedia":[{"embeddable":true,"href":"https:\/\/encuentroinformativo.com.mx\/index.php?rest_route=\/wp\/v2\/media\/11212"}],"wp:attachment":[{"href":"https:\/\/encuentroinformativo.com.mx\/index.php?rest_route=%2Fwp%2Fv2%2Fmedia&parent=11211"}],"wp:term":[{"taxonomy":"category","embeddable":true,"href":"https:\/\/encuentroinformativo.com.mx\/index.php?rest_route=%2Fwp%2Fv2%2Fcategories&post=11211"},{"taxonomy":"post_tag","embeddable":true,"href":"https:\/\/encuentroinformativo.com.mx\/index.php?rest_route=%2Fwp%2Fv2%2Ftags&post=11211"}],"curies":[{"name":"wp","href":"https:\/\/api.w.org\/{rel}","templated":true}]}}