{"id":11219,"date":"2021-02-17T15:07:44","date_gmt":"2021-02-17T21:07:44","guid":{"rendered":"https:\/\/encuentroinformativo.com.mx\/?p=11219"},"modified":"2021-02-17T15:07:47","modified_gmt":"2021-02-17T21:07:47","slug":"demoleran-mercado-de-la-rotonda-acusan-locatarios","status":"publish","type":"post","link":"https:\/\/encuentroinformativo.com.mx\/?p=11219","title":{"rendered":"Demoler\u00e1n mercado de La Rotonda, acusan locatarios"},"content":{"rendered":"\n<p><strong>Juan Arcos <\/strong><\/p>\n\n\n\n<p>Xalapa, Ver.- Locatarios del mercado \u201cAdolfo Ruiz Cortines\u201d, mejor conocido como \u201cLa Rotonda\u201d, confirmaron que la Secretar\u00eda de Desarrollo Agrario, Territorial y Urbano (Sedatu) pretende demoler dicho inmueble para llevar a cabo una reconstrucci\u00f3n total del mismo.<\/p>\n\n\n\n<p>De acuerdo con Antonio Jim\u00e9nez Lagunes, representante del mercado, el pasado lunes 15 de febrero se reunieron con personal de la dependencia federal, quienes les informaron dicha situaci\u00f3n, a la que se oponen rotundamente.<\/p>\n\n\n\n<p>\u201cEn una primera reuni\u00f3n se nos informa que por las condiciones de la estructura del mercado no puede ser remodelado, ser\u00e1 una reconstrucci\u00f3n completa del mercado, incluyendo las dos salas del mercado y la parte del centro\u201d.<\/p>\n\n\n\n<p>Se habla de una obra con una duraci\u00f3n de 210 d\u00edas, aproximadamente siete meses, donde la empresa deber\u00e1 pagar una penalizaci\u00f3n por cada d\u00eda de retraso y por no respetar los tiempos establecidos.<\/p>\n\n\n\n<p>El entrevistado coment\u00f3 que el mercado \u201cLa Rotonda\u201d requiere una remodelaci\u00f3n para mejorar su drenaje, instalaci\u00f3n hidr\u00e1ulica, la rehabilitaci\u00f3n de los sanitarios y la reparaci\u00f3n de ventanas u otros desperfectos.<\/p>\n\n\n\n<p>Adem\u00e1s, dio a conocer que una empresa de la Ciudad de M\u00e9xico elaborar\u00e1 el proyecto para la reconstrucci\u00f3n del recinto comercial.<\/p>\n\n\n\n<p>Jim\u00e9nez Lagunes mencion\u00f3 que los representantes de Sedatu informaron a algunos comerciantes establecidos, ubicados en las inmediaciones del mercado, que los trabajos para la reconstrucci\u00f3n podr\u00edan iniciar en los pr\u00f3ximos dos o tres meses.<\/p>\n\n\n\n<p>Los comerciantes pidieron al ayuntamiento de Xalapa que intervenga para que sean defendidos sus locales y el mercado \u201cLa Rotonda\u201d, mismo que data del a\u00f1o 1957.<\/p>\n","protected":false},"excerpt":{"rendered":"<p>Juan Arcos Xalapa, Ver.- Locatarios del mercado \u201cAdolfo Ruiz Cortines\u201d, mejor conocido como \u201cLa Rotonda\u201d, confirmaron que la Secretar\u00eda de Desarrollo Agrario, Territorial y Urbano (Sedatu) pretende demoler dicho inmueble para llevar a cabo una reconstrucci\u00f3n total del mismo. De acuerdo con Antonio Jim\u00e9nez Lagunes, representante del mercado, el pasado lunes 15 de febrero se [&hellip;]<\/p>\n","protected":false},"author":1,"featured_media":11220,"comment_status":"open","ping_status":"open","sticky":false,"template":"","format":"standard","meta":{"_jetpack_memberships_contains_paid_content":false,"footnotes":""},"categories":[3],"tags":[],"class_list":["post-11219","post","type-post","status-publish","format-standard","has-post-thumbnail","hentry","category-xalapa"],"jetpack_featured_media_url":"https:\/\/encuentroinformativo.com.mx\/wp-content\/uploads\/2021\/02\/685A16F4-77F6-4425-A421-DC1F4FC6FA32.jpeg","jetpack_sharing_enabled":true,"jetpack_likes_enabled":true,"amp_enabled":true,"_links":{"self":[{"href":"https:\/\/encuentroinformativo.com.mx\/index.php?rest_route=\/wp\/v2\/posts\/11219","targetHints":{"allow":["GET"]}}],"collection":[{"href":"https:\/\/encuentroinformativo.com.mx\/index.php?rest_route=\/wp\/v2\/posts"}],"about":[{"href":"https:\/\/encuentroinformativo.com.mx\/index.php?rest_route=\/wp\/v2\/types\/post"}],"author":[{"embeddable":true,"href":"https:\/\/encuentroinformativo.com.mx\/index.php?rest_route=\/wp\/v2\/users\/1"}],"replies":[{"embeddable":true,"href":"https:\/\/encuentroinformativo.com.mx\/index.php?rest_route=%2Fwp%2Fv2%2Fcomments&post=11219"}],"version-history":[{"count":1,"href":"https:\/\/encuentroinformativo.com.mx\/index.php?rest_route=\/wp\/v2\/posts\/11219\/revisions"}],"predecessor-version":[{"id":11221,"href":"https:\/\/encuentroinformativo.com.mx\/index.php?rest_route=\/wp\/v2\/posts\/11219\/revisions\/11221"}],"wp:featuredmedia":[{"embeddable":true,"href":"https:\/\/encuentroinformativo.com.mx\/index.php?rest_route=\/wp\/v2\/media\/11220"}],"wp:attachment":[{"href":"https:\/\/encuentroinformativo.com.mx\/index.php?rest_route=%2Fwp%2Fv2%2Fmedia&parent=11219"}],"wp:term":[{"taxonomy":"category","embeddable":true,"href":"https:\/\/encuentroinformativo.com.mx\/index.php?rest_route=%2Fwp%2Fv2%2Fcategories&post=11219"},{"taxonomy":"post_tag","embeddable":true,"href":"https:\/\/encuentroinformativo.com.mx\/index.php?rest_route=%2Fwp%2Fv2%2Ftags&post=11219"}],"curies":[{"name":"wp","href":"https:\/\/api.w.org\/{rel}","templated":true}]}}