{"id":11236,"date":"2021-02-18T12:45:04","date_gmt":"2021-02-18T18:45:04","guid":{"rendered":"https:\/\/encuentroinformativo.com.mx\/?p=11236"},"modified":"2021-02-18T12:45:07","modified_gmt":"2021-02-18T18:45:07","slug":"necesario-cambiar-estrategias-de-seguridad-cadena","status":"publish","type":"post","link":"https:\/\/encuentroinformativo.com.mx\/?p=11236","title":{"rendered":"Necesario cambiar estrategias de seguridad: Cadena"},"content":{"rendered":"\n<p><strong>Dar\u00edo Pale<\/strong> <\/p>\n\n\n\n<p>Xalapa, Ver.- El dirigente estatal del Partido de la Revoluci\u00f3n Democr\u00e1tica (PRD), Sergio Cadena Mart\u00ednez, pidi\u00f3 al gobernador Cuitl\u00e1huac Garc\u00eda Jim\u00e9nez que realice los cambios pertinentes en su estrategia estatal para garantizar la seguridad de la poblaci\u00f3n, ante la reciente ola de violencia que ha afectado a todos los sectores.<\/p>\n\n\n\n<p>El l\u00edder perredista en Veracruz lament\u00f3 la situaci\u00f3n de violencia e inseguridad que se vive en la entidad y dio a conocer que las fuerzas pol\u00edticas opositoras al actual gobierno se han puesto de acuerdo para estructurar propuestas que brinden certeza y viabilidad a Veracruz ante la crisis que enfrenta.<\/p>\n\n\n\n<p>\u201cSi no hace cambios el gobernador, si quiere seguir en esa burbuja de Disneylandia, donde todo est\u00e1 maravilloso y todo est\u00e1 bien, que siga, pero los que padecen son los ciudadanos que tienen que salir en la calle a trabajar, los que no traen escolta, los que caminan a cualquier hora del d\u00eda para buscar la comida, el alimento de sus familias, esos son los que est\u00e1n viviendo la dura realidad\u201d, expres\u00f3.<\/p>\n\n\n\n<p>Tambi\u00e9n consider\u00f3 que quienes tambi\u00e9n est\u00e1n viviendo una \u201ccompleja realidad\u201d son los cientos de empresarios que han tenido que cerrar desde su fonda hasta un taller automotriz, v\u00edctimas de la inseguridad que priva en sus regiones y la falta de respaldo del gobierno para sostener esas fuentes de empleo, lo que en conjunto golpea al sector productivo de Veracruz.<\/p>\n\n\n\n<p>\u201cLa situaci\u00f3n es grave, no soy pesimista, pero es una realidad lacerante y esa realidad es la que nos llev\u00f3 a hacer esta gran alianza. La gente nos lo dijo, y entonces ante el reclamo ciudadano de decir se pueden cambiar las cosas, s\u00ed se puede, entonces ustedes partidos pol\u00edticos empiecen por demostrar que si se pueden poner de acuerdo, lo hicimos\u201d, agreg\u00f3.<\/p>\n\n\n\n<p>Cadena Mart\u00ednez refiri\u00f3 que en el Sol Azteca se trabaja fuertemente con la certeza de que, en las elecciones del pr\u00f3ximo 6 de junio, los resultados ser\u00e1n a favor del PRD y la coalici\u00f3n \u201cVeracruz Va\u201d.<\/p>\n\n\n\n<p>Record\u00f3 que en los 30 distritos locales se contender\u00e1 a trav\u00e9s de la alianza entre el Partido Revolucionario Institucional (PRI), el Partido Acci\u00f3n Nacional (PAN) y el Sol Azteca.<\/p>\n\n\n\n<p>\u201cIr\u00e1n los tres partidos pol\u00edticos juntos, cada quien aportando su capital, por lo que se encuentran en el proceso de selecci\u00f3n de las mejores figuras, mujeres y hombres para dar la batalla ante una competencia re\u00f1ida\u201d, finaliz\u00f3.<\/p>\n","protected":false},"excerpt":{"rendered":"<p>Dar\u00edo Pale Xalapa, Ver.- El dirigente estatal del Partido de la Revoluci\u00f3n Democr\u00e1tica (PRD), Sergio Cadena Mart\u00ednez, pidi\u00f3 al gobernador Cuitl\u00e1huac Garc\u00eda Jim\u00e9nez que realice los cambios pertinentes en su estrategia estatal para garantizar la seguridad de la poblaci\u00f3n, ante la reciente ola de violencia que ha afectado a todos los sectores. El l\u00edder perredista [&hellip;]<\/p>\n","protected":false},"author":1,"featured_media":11237,"comment_status":"open","ping_status":"open","sticky":false,"template":"","format":"standard","meta":{"_jetpack_memberships_contains_paid_content":false,"footnotes":""},"categories":[2],"tags":[],"class_list":["post-11236","post","type-post","status-publish","format-standard","has-post-thumbnail","hentry","category-estado"],"jetpack_featured_media_url":"https:\/\/encuentroinformativo.com.mx\/wp-content\/uploads\/2021\/02\/E24A6D52-1BF3-481E-BA60-B95B0F3B03E8.jpeg","jetpack_sharing_enabled":true,"jetpack_likes_enabled":true,"amp_enabled":true,"_links":{"self":[{"href":"https:\/\/encuentroinformativo.com.mx\/index.php?rest_route=\/wp\/v2\/posts\/11236","targetHints":{"allow":["GET"]}}],"collection":[{"href":"https:\/\/encuentroinformativo.com.mx\/index.php?rest_route=\/wp\/v2\/posts"}],"about":[{"href":"https:\/\/encuentroinformativo.com.mx\/index.php?rest_route=\/wp\/v2\/types\/post"}],"author":[{"embeddable":true,"href":"https:\/\/encuentroinformativo.com.mx\/index.php?rest_route=\/wp\/v2\/users\/1"}],"replies":[{"embeddable":true,"href":"https:\/\/encuentroinformativo.com.mx\/index.php?rest_route=%2Fwp%2Fv2%2Fcomments&post=11236"}],"version-history":[{"count":1,"href":"https:\/\/encuentroinformativo.com.mx\/index.php?rest_route=\/wp\/v2\/posts\/11236\/revisions"}],"predecessor-version":[{"id":11238,"href":"https:\/\/encuentroinformativo.com.mx\/index.php?rest_route=\/wp\/v2\/posts\/11236\/revisions\/11238"}],"wp:featuredmedia":[{"embeddable":true,"href":"https:\/\/encuentroinformativo.com.mx\/index.php?rest_route=\/wp\/v2\/media\/11237"}],"wp:attachment":[{"href":"https:\/\/encuentroinformativo.com.mx\/index.php?rest_route=%2Fwp%2Fv2%2Fmedia&parent=11236"}],"wp:term":[{"taxonomy":"category","embeddable":true,"href":"https:\/\/encuentroinformativo.com.mx\/index.php?rest_route=%2Fwp%2Fv2%2Fcategories&post=11236"},{"taxonomy":"post_tag","embeddable":true,"href":"https:\/\/encuentroinformativo.com.mx\/index.php?rest_route=%2Fwp%2Fv2%2Ftags&post=11236"}],"curies":[{"name":"wp","href":"https:\/\/api.w.org\/{rel}","templated":true}]}}