{"id":11239,"date":"2021-02-18T12:50:26","date_gmt":"2021-02-18T18:50:26","guid":{"rendered":"https:\/\/encuentroinformativo.com.mx\/?p=11239"},"modified":"2021-02-18T12:50:29","modified_gmt":"2021-02-18T18:50:29","slug":"comisionado-del-cen-del-pan-solapo-irregularidades-acusan","status":"publish","type":"post","link":"https:\/\/encuentroinformativo.com.mx\/?p=11239","title":{"rendered":"Comisionado del CEN del PAN solap\u00f3 irregularidades, acusan"},"content":{"rendered":"\n<p><strong>Alejandro \u00c1vila<\/strong><\/p>\n\n\n\n<p>Veracruz, Ver.- El aspirante a la diputaci\u00f3n local por el PAN en el distrito XV, Agust\u00edn Andrade Murga, acus\u00f3 al comisionado Bogar Alba, representante del Comit\u00e9 Ejecutivo Nacional y presidente del Registro Nacional de Miembros, de ser parcial y discrecional, al solapar las acciones irregulares que asegura ejecut\u00f3 en el proceso interno la formula que encabeza Miguel \u00c1ngel Yunes M\u00e1rquez.<\/p>\n\n\n\n<p>Cabe recordar que el pasado domingo 14 de febrero se le neg\u00f3 el voto a decenas de militantes panistas de Veracruz Puerto, producto de las quejas, se suscit\u00f3 una trifulca, presuntamente orquestada por agitadores afines a Yunes M\u00e1rquez, al ver que podr\u00edan perder la elecci\u00f3n.<\/p>\n\n\n\n<p>&#8220;La militancia en el Puerto de Veracruz est\u00e1n concientes del trabajo adverso que hacia el interior del partido han realizado los hermanos Yunes M\u00e1rquez, dado que siempre tratan de imponer su voluntad, tratan de imponer la ley del garrote cuando es necesario para ellos, para sus intereses, y no permiten que la democracia fluya libremente dentro de nuestro partido&#8221;, declar\u00f3.<\/p>\n\n\n\n<p>En rueda de prensa ofrecida en conocido caf\u00e9, se\u00f1al\u00f3 que en estos momentos se vive una etapa oscura de represi\u00f3n y de imposici\u00f3n de candidaturas, todas a favor de la familia Yunes M\u00e1rquez.<\/p>\n\n\n\n<p>Agreg\u00f3 que el comisionado nacional, permiti\u00f3 que el inicio de la votaci\u00f3n tuviera m\u00e1s de una hora de retraso, y no permiti\u00f3 dejar sufragar a militantes que hab\u00edan llegado desde las 8 de la ma\u00f1ana, incluso dijo que hubo algunos que asistieron desde las 6 de la ma\u00f1ana.<\/p>\n\n\n\n<p>&#8220;Hubo un grupo de m\u00e1s de 350 militantes que desde temprano se formaron, que era los militantes cuya resoluci\u00f3n del Tribunal Estatal Veracruzano les permit\u00eda votar para esa ocasi\u00f3n, dado que aunque no cumpl\u00edan un a\u00f1o de antiguedad, pero ten\u00edan 11 meses y que de acuerdo a esta resoluci\u00f3n ten\u00edan derecho a votar y no se les permiti\u00f3 que pudieran libremente emitir su sufragio. Eso propicio que m\u00e1s de la mitad de estos militantes se retirara, por los actos de violencia&#8221;, expres\u00f3.<\/p>\n\n\n\n<p>Murga Andrade, se\u00f1al\u00f3 que existe una denuncia de estos hechos en la Fiscal\u00eda Especializada para la Atenci\u00f3n de los Delitos Electorales (FEPADE); adem\u00e1s apunt\u00f3 que el martes 16 de febrero se present\u00f3 la impugnaci\u00f3n de la elecci\u00f3n ante la Comisi\u00f3n Electoral Nacional del PAN, y el miercoles 17 de febrero ante la Comisi\u00f3n Electoral Estatal del PAN.<\/p>\n\n\n\n<p>&#8220;Nosotros no estamos dispuestos a ceder, el derecho nos asiste, la ley nos asiste y la raz\u00f3n, seguiremos luchando de frente, de cara a los ciudadanos y de cara a los militantes, porque esa ha sido siempre nuestra mistica de trabajo (\u2026) la unidad no existe en ninguna instituci\u00f3n pol\u00edtica, por eso somos partido pol\u00edtico, porque hay diversas formas de pensamiento, de diferentes corrientes, pero s\u00ed se puede lograr una hegemon\u00eda, una causa com\u00fan, para primeramente, que la democracia permanezca en la vida interna del PAN, y posteriormente para derrotar a MORENA de todos los desastres que est\u00e1 haciendo&#8221;, culmin\u00f3.<\/p>\n","protected":false},"excerpt":{"rendered":"<p>Alejandro \u00c1vila Veracruz, Ver.- El aspirante a la diputaci\u00f3n local por el PAN en el distrito XV, Agust\u00edn Andrade Murga, acus\u00f3 al comisionado Bogar Alba, representante del Comit\u00e9 Ejecutivo Nacional y presidente del Registro Nacional de Miembros, de ser parcial y discrecional, al solapar las acciones irregulares que asegura ejecut\u00f3 en el proceso interno la [&hellip;]<\/p>\n","protected":false},"author":1,"featured_media":11240,"comment_status":"open","ping_status":"open","sticky":false,"template":"","format":"standard","meta":{"_jetpack_memberships_contains_paid_content":false,"footnotes":""},"categories":[2],"tags":[],"class_list":["post-11239","post","type-post","status-publish","format-standard","has-post-thumbnail","hentry","category-estado"],"jetpack_featured_media_url":"https:\/\/encuentroinformativo.com.mx\/wp-content\/uploads\/2021\/02\/4CC22A0B-C2BE-447F-AF75-AF2E4B052CC6.jpeg","jetpack_sharing_enabled":true,"jetpack_likes_enabled":true,"amp_enabled":true,"_links":{"self":[{"href":"https:\/\/encuentroinformativo.com.mx\/index.php?rest_route=\/wp\/v2\/posts\/11239","targetHints":{"allow":["GET"]}}],"collection":[{"href":"https:\/\/encuentroinformativo.com.mx\/index.php?rest_route=\/wp\/v2\/posts"}],"about":[{"href":"https:\/\/encuentroinformativo.com.mx\/index.php?rest_route=\/wp\/v2\/types\/post"}],"author":[{"embeddable":true,"href":"https:\/\/encuentroinformativo.com.mx\/index.php?rest_route=\/wp\/v2\/users\/1"}],"replies":[{"embeddable":true,"href":"https:\/\/encuentroinformativo.com.mx\/index.php?rest_route=%2Fwp%2Fv2%2Fcomments&post=11239"}],"version-history":[{"count":1,"href":"https:\/\/encuentroinformativo.com.mx\/index.php?rest_route=\/wp\/v2\/posts\/11239\/revisions"}],"predecessor-version":[{"id":11241,"href":"https:\/\/encuentroinformativo.com.mx\/index.php?rest_route=\/wp\/v2\/posts\/11239\/revisions\/11241"}],"wp:featuredmedia":[{"embeddable":true,"href":"https:\/\/encuentroinformativo.com.mx\/index.php?rest_route=\/wp\/v2\/media\/11240"}],"wp:attachment":[{"href":"https:\/\/encuentroinformativo.com.mx\/index.php?rest_route=%2Fwp%2Fv2%2Fmedia&parent=11239"}],"wp:term":[{"taxonomy":"category","embeddable":true,"href":"https:\/\/encuentroinformativo.com.mx\/index.php?rest_route=%2Fwp%2Fv2%2Fcategories&post=11239"},{"taxonomy":"post_tag","embeddable":true,"href":"https:\/\/encuentroinformativo.com.mx\/index.php?rest_route=%2Fwp%2Fv2%2Ftags&post=11239"}],"curies":[{"name":"wp","href":"https:\/\/api.w.org\/{rel}","templated":true}]}}