{"id":11246,"date":"2021-02-18T13:46:44","date_gmt":"2021-02-18T19:46:44","guid":{"rendered":"https:\/\/encuentroinformativo.com.mx\/?p=11246"},"modified":"2021-02-18T13:46:47","modified_gmt":"2021-02-18T19:46:47","slug":"por-pandemia-cerrarian-4-mil-escuelas-privadas-en-veracruz","status":"publish","type":"post","link":"https:\/\/encuentroinformativo.com.mx\/?p=11246","title":{"rendered":"Por pandemia, cerrar\u00edan 4 mil escuelas privadas en Veracruz"},"content":{"rendered":"\n<p><strong>Juan Arcos<\/strong> <\/p>\n\n\n\n<p>Xalapa, Ver.- La crisis financiera ocasionada por la pandemia del SARS-COV-2 (COVID-19) ha golpeado de manera severa al sector empresarial del \u00e1mbito educativo, dejando al borde de la quiebra y, a punto de desaparecer, a m\u00e1s de 4 mil escuelas particulares en el estado de Veracruz.<\/p>\n\n\n\n<p>Se habla de que los ingresos econ\u00f3micos de las instituciones privadas, de todos los niveles educativos, disminuyeron entre 35 y 65 por ciento, por lo que resulta dif\u00edcil su permanencia.<\/p>\n\n\n\n<p>Los planteles con mayores dificultades financieras se encuentran en Coatzacoalcos, Poza Rica, C\u00f3rdoba y Orizaba, es decir, en algunos puntos de la entidad con mayor n\u00famero de casos positivos de coronavirus.<\/p>\n\n\n\n<p>As\u00ed lo dio a conocer Carlos Luna Escudero, presidente de la Corporaci\u00f3n de Escuelas Particulares del Estado de Veracruz, quien ha dado seguimiento a esta constante problem\u00e1tica desde que fueron suspendidas las clases presenciales para evitar contagios.<\/p>\n\n\n\n<p>\u201cSe pone en riesgo la estabilidad de muchas escuelas particulares, sobre todo aquellas que son m\u00e1s nuevas, aquellas que son m\u00e1s chicas, aquellas que no han podido superar el reto de la preparaci\u00f3n, en todos los niveles, de las tecnolog\u00edas de la informaci\u00f3n. A nivel estatal est\u00e1n en riesgo m\u00e1s de cuatro mil escuelas para continuar operando\u201d, advirti\u00f3.<\/p>\n\n\n\n<p>La reducci\u00f3n de la matr\u00edcula en estos colegios ha sido notoria desde el a\u00f1o pasado por la misma emergencia sanitaria.<\/p>\n\n\n\n<p>Las escuelas particulares del nivel educativo superior han registrado el mayor \u00edndice de deserci\u00f3n, con un porcentaje que va del 30 al 32 por ciento.<\/p>\n\n\n\n<p>Mientras que en escuelas particulares del nivel b\u00e1sico el \u00edndice de deserci\u00f3n ronda el 15 o 20 por ciento, cuando en las del nivel medio superior alcanza el 23 por ciento.<\/p>\n\n\n\n<p>Luna Escudero detall\u00f3 que el desempleo durante la emergencia sanitaria ha sido el principal factor que ha originado que los alumnos abandonen las escuelas particulares.<\/p>\n\n\n\n<p>\u201cObviamente la prioridad en tiempos de crisis es la alimentaci\u00f3n, el sustento de las familias y nuestros j\u00f3venes, como muchos de los sectores, no han podido continuar sus estudios\u201d, remat\u00f3.<\/p>\n","protected":false},"excerpt":{"rendered":"<p>Juan Arcos Xalapa, Ver.- La crisis financiera ocasionada por la pandemia del SARS-COV-2 (COVID-19) ha golpeado de manera severa al sector empresarial del \u00e1mbito educativo, dejando al borde de la quiebra y, a punto de desaparecer, a m\u00e1s de 4 mil escuelas particulares en el estado de Veracruz. Se habla de que los ingresos econ\u00f3micos [&hellip;]<\/p>\n","protected":false},"author":1,"featured_media":11247,"comment_status":"open","ping_status":"open","sticky":false,"template":"","format":"standard","meta":{"_jetpack_memberships_contains_paid_content":false,"footnotes":""},"categories":[2],"tags":[],"class_list":["post-11246","post","type-post","status-publish","format-standard","has-post-thumbnail","hentry","category-estado"],"jetpack_featured_media_url":"https:\/\/encuentroinformativo.com.mx\/wp-content\/uploads\/2021\/02\/37984D2E-A173-4D91-B54B-C8CA7B2F1726.jpeg","jetpack_sharing_enabled":true,"jetpack_likes_enabled":true,"amp_enabled":true,"_links":{"self":[{"href":"https:\/\/encuentroinformativo.com.mx\/index.php?rest_route=\/wp\/v2\/posts\/11246","targetHints":{"allow":["GET"]}}],"collection":[{"href":"https:\/\/encuentroinformativo.com.mx\/index.php?rest_route=\/wp\/v2\/posts"}],"about":[{"href":"https:\/\/encuentroinformativo.com.mx\/index.php?rest_route=\/wp\/v2\/types\/post"}],"author":[{"embeddable":true,"href":"https:\/\/encuentroinformativo.com.mx\/index.php?rest_route=\/wp\/v2\/users\/1"}],"replies":[{"embeddable":true,"href":"https:\/\/encuentroinformativo.com.mx\/index.php?rest_route=%2Fwp%2Fv2%2Fcomments&post=11246"}],"version-history":[{"count":1,"href":"https:\/\/encuentroinformativo.com.mx\/index.php?rest_route=\/wp\/v2\/posts\/11246\/revisions"}],"predecessor-version":[{"id":11248,"href":"https:\/\/encuentroinformativo.com.mx\/index.php?rest_route=\/wp\/v2\/posts\/11246\/revisions\/11248"}],"wp:featuredmedia":[{"embeddable":true,"href":"https:\/\/encuentroinformativo.com.mx\/index.php?rest_route=\/wp\/v2\/media\/11247"}],"wp:attachment":[{"href":"https:\/\/encuentroinformativo.com.mx\/index.php?rest_route=%2Fwp%2Fv2%2Fmedia&parent=11246"}],"wp:term":[{"taxonomy":"category","embeddable":true,"href":"https:\/\/encuentroinformativo.com.mx\/index.php?rest_route=%2Fwp%2Fv2%2Fcategories&post=11246"},{"taxonomy":"post_tag","embeddable":true,"href":"https:\/\/encuentroinformativo.com.mx\/index.php?rest_route=%2Fwp%2Fv2%2Ftags&post=11246"}],"curies":[{"name":"wp","href":"https:\/\/api.w.org\/{rel}","templated":true}]}}