{"id":11257,"date":"2021-02-18T14:18:09","date_gmt":"2021-02-18T20:18:09","guid":{"rendered":"https:\/\/encuentroinformativo.com.mx\/?p=11257"},"modified":"2021-02-18T14:18:12","modified_gmt":"2021-02-18T20:18:12","slug":"veracruz-escenario-macabro-con-mas-fosas-solecito","status":"publish","type":"post","link":"https:\/\/encuentroinformativo.com.mx\/?p=11257","title":{"rendered":"Veracruz escenario \u201cmacabro\u201d con m\u00e1s fosas: Solecito"},"content":{"rendered":"\n<p><strong>Alejandro \u00c1vila<\/strong><\/p>\n\n\n\n<p>Veracruz, Ver.- Luc\u00eda de los \u00c1ngeles D\u00edaz Genao, vocera del Colectivo Solecito, confirm\u00f3 el hallazgo de nuevas fosas con probables restos humanos en el municipio de Alvarado, esto en la zona de manglares en la laguna de Alvarado.<\/p>\n\n\n\n<p>Seg\u00fan el reporte de la Comisi\u00f3n Nacional de B\u00fasqueda de Personas Desaparecidas, dijo que este lugar est\u00e1 a unos 8 kil\u00f3metros de la localidad de Arbolillo, espacio donde anteriormente se hab\u00edan encontrado decenas de cuerpos humanos.<\/p>\n\n\n\n<p>\u201cYa lo publicaron que s\u00ed fue una b\u00fasqueda positiva y que es evidente que hay m\u00e1s fosas. Lo que esto resalta es la realidad de Veracruz, que Veracruz es el escenario de lo macabro, es un escenario totalmente salido de una obra de terror. Nadie se imaginar\u00eda como pudieran llegar tantas personas a tantos lugares, a ser enterrados en esta calidad de clandestinidad\u201d, asest\u00f3.<\/p>\n\n\n\n<p>D\u00edaz Genao, dijo que los reportes de este nuevo punto fuero an\u00f3nimos, y no se descarta que en los pr\u00f3ximos meses se puedan encontrar m\u00e1s lugares similares cerca de la misma zona.<\/p>\n\n\n\n<p>\u201cS\u00ed, ayer encontraron fosas (\u2026) no, Arbolillo es independiente de eso, Arbolillo lo estamos atendiendo nosotras, Solecito; Solecito est\u00e1 interviniendo en Arbolillo\u201d, apunt\u00f3.<\/p>\n\n\n\n<p>A este nuevo, se sabe es m\u00e1s f\u00e1cil ingresar mediante una lancha, ya que el camino de terracer\u00eda dura cerca de dos horas por las vueltas que se tienen que dar; seg\u00fan explican pobladores de la zona.<\/p>\n","protected":false},"excerpt":{"rendered":"<p>Alejandro \u00c1vila Veracruz, Ver.- Luc\u00eda de los \u00c1ngeles D\u00edaz Genao, vocera del Colectivo Solecito, confirm\u00f3 el hallazgo de nuevas fosas con probables restos humanos en el municipio de Alvarado, esto en la zona de manglares en la laguna de Alvarado. Seg\u00fan el reporte de la Comisi\u00f3n Nacional de B\u00fasqueda de Personas Desaparecidas, dijo que este [&hellip;]<\/p>\n","protected":false},"author":1,"featured_media":11255,"comment_status":"open","ping_status":"open","sticky":false,"template":"","format":"standard","meta":{"_jetpack_memberships_contains_paid_content":false,"footnotes":""},"categories":[2],"tags":[],"class_list":["post-11257","post","type-post","status-publish","format-standard","has-post-thumbnail","hentry","category-estado"],"jetpack_featured_media_url":"https:\/\/encuentroinformativo.com.mx\/wp-content\/uploads\/2021\/02\/533B2D1D-FCEB-451A-A54B-FA94407C1ADC.jpeg","jetpack_sharing_enabled":true,"jetpack_likes_enabled":true,"amp_enabled":true,"_links":{"self":[{"href":"https:\/\/encuentroinformativo.com.mx\/index.php?rest_route=\/wp\/v2\/posts\/11257","targetHints":{"allow":["GET"]}}],"collection":[{"href":"https:\/\/encuentroinformativo.com.mx\/index.php?rest_route=\/wp\/v2\/posts"}],"about":[{"href":"https:\/\/encuentroinformativo.com.mx\/index.php?rest_route=\/wp\/v2\/types\/post"}],"author":[{"embeddable":true,"href":"https:\/\/encuentroinformativo.com.mx\/index.php?rest_route=\/wp\/v2\/users\/1"}],"replies":[{"embeddable":true,"href":"https:\/\/encuentroinformativo.com.mx\/index.php?rest_route=%2Fwp%2Fv2%2Fcomments&post=11257"}],"version-history":[{"count":1,"href":"https:\/\/encuentroinformativo.com.mx\/index.php?rest_route=\/wp\/v2\/posts\/11257\/revisions"}],"predecessor-version":[{"id":11258,"href":"https:\/\/encuentroinformativo.com.mx\/index.php?rest_route=\/wp\/v2\/posts\/11257\/revisions\/11258"}],"wp:featuredmedia":[{"embeddable":true,"href":"https:\/\/encuentroinformativo.com.mx\/index.php?rest_route=\/wp\/v2\/media\/11255"}],"wp:attachment":[{"href":"https:\/\/encuentroinformativo.com.mx\/index.php?rest_route=%2Fwp%2Fv2%2Fmedia&parent=11257"}],"wp:term":[{"taxonomy":"category","embeddable":true,"href":"https:\/\/encuentroinformativo.com.mx\/index.php?rest_route=%2Fwp%2Fv2%2Fcategories&post=11257"},{"taxonomy":"post_tag","embeddable":true,"href":"https:\/\/encuentroinformativo.com.mx\/index.php?rest_route=%2Fwp%2Fv2%2Ftags&post=11257"}],"curies":[{"name":"wp","href":"https:\/\/api.w.org\/{rel}","templated":true}]}}