{"id":11276,"date":"2021-02-19T10:25:42","date_gmt":"2021-02-19T16:25:42","guid":{"rendered":"https:\/\/encuentroinformativo.com.mx\/?p=11276"},"modified":"2021-02-19T10:25:44","modified_gmt":"2021-02-19T16:25:44","slug":"politica-y-mascaras","status":"publish","type":"post","link":"https:\/\/encuentroinformativo.com.mx\/?p=11276","title":{"rendered":"Pol\u00edtica y m\u00e1scaras"},"content":{"rendered":"\n<p><br><strong>Los Pol\u00edticos<\/strong><\/p>\n\n\n\n<p><strong>Salvador Mu\u00f1oz<\/strong><\/p>\n\n\n\n<p>Hasta este momento, ning\u00fan partido en Xalapa ha tenido la ocurrencia de llevar entre sus candidatos a una curul o a la presidencia municipal, al amo de los ocho \u00e1ngulos, \u00a1Octag\u00f3n! o en una de \u00e9sas, \u00a1a M\u00e1scara Sagrada!; o en Mart\u00ednez de la Torre, nadie ha abanderado a\u00a0Octagoncito, ni en el Puerto, a Mini Histeria\u2026 ellos son luchadores enmascarados que de un modo u otro, han puesto en alto el nombre de Veracruz con su actividad\u2026<\/p>\n\n\n\n<p>Los traigo a colaci\u00f3n porque tengo entendido que en la Ciudad de M\u00e9xico, el partido Redes Sociales Progresistas impulsa las precandidaturas de otros maestros de los encordados como Tinieblas junior, Blue\u00a0Demon\u00a0junior y\u00a0Car\u00edstico\u00a0al que identificaba mejor como M\u00edstico. En esta ocasi\u00f3n no meto a las pl\u00e9yades de la far\u00e1ndula que cuezo aparte\u2026 hoy, me inclino por el inter\u00e9s y dudas que despiertan en m\u00ed las aspiraciones de estos personajes\u2026<\/p>\n\n\n\n<p>Una de estas dudas va con su registro ante las autoridades electorales\u2026 \u00bfse van a quitar la m\u00e1scara a la hora de su registro? Creo que s\u00ed\u2026 y es seguro que lo har\u00e1n de manera privada para preservar no tanto su identidad, sino ese misterio que genera la m\u00e1scara\u2026<\/p>\n\n\n\n<p>Una m\u00e1scara tiene los s\u00edmbolos que uno quiera, que van desde el reflejo de nuestros temores, el deseo de justicia, o simplemente la oportunidad de dejar de ser uno para convertirse en otro. No s\u00e9 si en otras sociedades funcione la m\u00e1scara igual que en la nuestra, pero en el mayor n\u00famero de casos, uno puede ver reflejado paladines en la m\u00e1scara de El Santo, del Zorro, del Llanero Solitario, de Batman, o en este caso, de Tinieblas,\u00a0Car\u00edstico\u00a0o Blue\u00a0Demon\u2026 aunque de eso a votar por alguno de ellos, en lo particular, me resisto y conste, si estuviera en mis manos, o en mi boleta, o en mi distrito, le dar\u00eda mi voto de confianza a Paquita la del Barrio, pero no a un enmascarado\u2026 algo me genera rechazo\u2026<\/p>\n\n\n\n<p>Otro inter\u00e9s que me genera la posibilidad de que sean candidatos, es su campa\u00f1a\u2026 cualquiera podr\u00eda pensar en el efecto que pudiera tener en sus recorridos, pero si somos aguafiestas, \u00bfqu\u00e9 pasar\u00e1 con la pandemia? Salvo mi ignorancia, hasta el momento, desconozco si las autoridades electorales ya tienen contemplado algunos protocolos a seguir para los candidatos a cargos de representaci\u00f3n popular, o simplemente se seguir\u00e1n aplicando los hasta hoy conocidos, como la sana distancia,\u00a0cubrebocas, gel, evitar aglomeraciones, etc\u00e9tera\u2026<\/p>\n\n\n\n<p>La m\u00e1s intrigante de mis dudas: \u00bfTinieblas y\u00a0Car\u00edsticousar\u00e1n\u00a0cubrebocas\u00a0si su m\u00e1scara no tiene boca?<\/p>\n\n\n\n<p>\u00bfY si ganan? \u00bfSe quitan la m\u00e1scara? \u00bfNo ser\u00eda como una especie de paradoja que triunfando pierdan la m\u00e1scara? \u00bfO s\u00ed podr\u00edan legislar o gobernar con ella?<\/p>\n\n\n\n<p>En descargo de RSP, hay que mencionar que de acuerdo a lo expresado por l\u00edderes de este partido, se imparte una serie de cursos de capacitaci\u00f3n a sus precandidatos en aras de que entiendan que no s\u00f3lo basta la popularidad, sino tambi\u00e9n el comprender el fin u\u00a0objetivo de sus aspiraciones.<\/p>\n\n\n\n<p>Es posible que a muchos ciudadanos les incomode de cierto modo, en este caso espec\u00edfico, el hecho de que enmascarados tengan un pie dentro de la participaci\u00f3n pol\u00edtica (a la cual tienen derecho), aunque siendo sinceros, llevados por la pandemia, vamos para el a\u00f1o que sin querer, una especie de m\u00e1scara cubre nuestra identidad\u2026 y no somos luchadores y menos candidatos.<\/p>\n\n\n\n<p>Si esto de los enmascarados y del\u00a0cubrebocas\u00a0es inc\u00f3modo, s\u00f3lo imagine tambi\u00e9n que de cierto modo, muchos de nuestros pol\u00edticos que hoy aspiran a un cargo de representaci\u00f3n popular, usan una m\u00e1scara, que llegando al poder se quitan\u2026 s\u00ed, ahora los tenemos en la Cuatro T, pero en la mayor\u00eda de los casos, ning\u00fan partido se escapa de ser desenmascarados, no por un rival en turno, sino por sus mismas acciones\u2026 pi\u00e9nselo\u2026 en una de \u00e9sas, todos traemos m\u00e1scaras\u2026<\/p>\n\n\n\n<p>smcainito@gmail.com<\/p>\n","protected":false},"excerpt":{"rendered":"<p>Los Pol\u00edticos Salvador Mu\u00f1oz Hasta este momento, ning\u00fan partido en Xalapa ha tenido la ocurrencia de llevar entre sus candidatos a una curul o a la presidencia municipal, al amo de los ocho \u00e1ngulos, \u00a1Octag\u00f3n! o en una de \u00e9sas, \u00a1a M\u00e1scara Sagrada!; o en Mart\u00ednez de la Torre, nadie ha abanderado a\u00a0Octagoncito, ni en [&hellip;]<\/p>\n","protected":false},"author":1,"featured_media":70,"comment_status":"open","ping_status":"open","sticky":false,"template":"","format":"standard","meta":{"_jetpack_memberships_contains_paid_content":false,"footnotes":""},"categories":[11],"tags":[],"class_list":["post-11276","post","type-post","status-publish","format-standard","has-post-thumbnail","hentry","category-opinion"],"jetpack_featured_media_url":"https:\/\/encuentroinformativo.com.mx\/wp-content\/uploads\/2020\/02\/opinion-invitado.jpg","jetpack_sharing_enabled":true,"jetpack_likes_enabled":true,"amp_enabled":true,"_links":{"self":[{"href":"https:\/\/encuentroinformativo.com.mx\/index.php?rest_route=\/wp\/v2\/posts\/11276","targetHints":{"allow":["GET"]}}],"collection":[{"href":"https:\/\/encuentroinformativo.com.mx\/index.php?rest_route=\/wp\/v2\/posts"}],"about":[{"href":"https:\/\/encuentroinformativo.com.mx\/index.php?rest_route=\/wp\/v2\/types\/post"}],"author":[{"embeddable":true,"href":"https:\/\/encuentroinformativo.com.mx\/index.php?rest_route=\/wp\/v2\/users\/1"}],"replies":[{"embeddable":true,"href":"https:\/\/encuentroinformativo.com.mx\/index.php?rest_route=%2Fwp%2Fv2%2Fcomments&post=11276"}],"version-history":[{"count":1,"href":"https:\/\/encuentroinformativo.com.mx\/index.php?rest_route=\/wp\/v2\/posts\/11276\/revisions"}],"predecessor-version":[{"id":11277,"href":"https:\/\/encuentroinformativo.com.mx\/index.php?rest_route=\/wp\/v2\/posts\/11276\/revisions\/11277"}],"wp:featuredmedia":[{"embeddable":true,"href":"https:\/\/encuentroinformativo.com.mx\/index.php?rest_route=\/wp\/v2\/media\/70"}],"wp:attachment":[{"href":"https:\/\/encuentroinformativo.com.mx\/index.php?rest_route=%2Fwp%2Fv2%2Fmedia&parent=11276"}],"wp:term":[{"taxonomy":"category","embeddable":true,"href":"https:\/\/encuentroinformativo.com.mx\/index.php?rest_route=%2Fwp%2Fv2%2Fcategories&post=11276"},{"taxonomy":"post_tag","embeddable":true,"href":"https:\/\/encuentroinformativo.com.mx\/index.php?rest_route=%2Fwp%2Fv2%2Ftags&post=11276"}],"curies":[{"name":"wp","href":"https:\/\/api.w.org\/{rel}","templated":true}]}}