{"id":11278,"date":"2021-02-19T10:44:05","date_gmt":"2021-02-19T16:44:05","guid":{"rendered":"https:\/\/encuentroinformativo.com.mx\/?p=11278"},"modified":"2021-02-19T10:44:08","modified_gmt":"2021-02-19T16:44:08","slug":"la-reunion-de-orizaba-y-el-pequeno-ejercito","status":"publish","type":"post","link":"https:\/\/encuentroinformativo.com.mx\/?p=11278","title":{"rendered":"LA REUNI\u00d3N DE ORIZABA Y EL PEQUE\u00d1O EJ\u00c9RCITO"},"content":{"rendered":"\n<ul class=\"wp-block-list\"><li>Cirilo pide unidad contra la delincuencia.<\/li><li>Abrazote muy fuerte, jefe Ra\u00fal.<\/li><li>El l\u00edder nom\u00e1s se la pasa en el rancho.<\/li><\/ul>\n\n\n\n<p>Bueno \u00bfy no mandaron a Alicia Villareal<br>a Cosoleacaque a tomarse la foto?<br>&#8212;Chopenjawer<\/p>\n\n\n\n<p>La reuni\u00f3n sostenida este mi\u00e9rcoles entre el Gobierno de Veracruz y los industriales\/empresarios m\u00e1s chipucludos del estado ya ten\u00eda d\u00edas agendada y no fue a ra\u00edz de los hechos violentos donde un comando ejecut\u00f3 a tres polic\u00edas estatales.<\/p>\n\n\n\n<p>La reuni\u00f3n era estrictamente de negocios.<\/p>\n\n\n\n<p>Como dicen el Cochiloco y el Varguitas: &#8220;Una cosa es una cosa, y otra cosa es otra cosa&#8221;.<\/p>\n\n\n\n<p>En la mesa, los m\u00e1s &#8220;pesados&#8221; de Veracruz reunidos con el gobernador de Veracruz, Cuitl\u00e1huac Garc\u00eda Jim\u00e9nez.<\/p>\n\n\n\n<p>&#8220;Un encuentro al que asisti\u00f3 Juan Manuel Diez, Guillermo Rivas, Oth\u00f3n Porres Bueno, expresidente de la C\u00e1mara Nacional de la Industria Azucarera y Alcoholera (CNIAA) y due\u00f1o de varios ingenios. El mismo que regal\u00f3 al Gobierno cantidades de alcohol para la elaboraci\u00f3n de gel antibacterial&#8221;, narra el periodista Juan Jos\u00e9 Enr\u00edquez.<\/p>\n\n\n\n<p>Fue una charla muy cordial: a diferencia de los pol\u00edticos &#8211;o de los que dicen hacer y dedicarse a la pol\u00edtica&#8211; a los verdaderos empresarios no les gana la pasi\u00f3n o el h\u00edgado. Ven todo muy fr\u00edo: con base en resultados y n\u00fameros.<\/p>\n\n\n\n<p>En general, se sabe que todos estuvieron bien agradecidos con el gobernador y su gabinete por las facilidades de invertir. El m\u00e1s pesado de los empresarios presentes, incluso le reconoci\u00f3 la disminuci\u00f3n de secuestros.<\/p>\n\n\n\n<p>Se sabe que el grupo fue llevado por Antonio Chedraui.<\/p>\n\n\n\n<p>El que se mantuvo callado, todo relax y prefiri\u00f3 no entrar en controversia fue el exalcalde de Orizaba, Juan Manuel Diez, quien comentan que al escuchar el respaldo de los empresarios\/industriales hacia Cuitl\u00e1huac, sali\u00f3 de la reuni\u00f3n no encabronado\u2026 lo que le sigue y m\u00e1s all\u00e1.<\/p>\n\n\n\n<p>Y es que el tambi\u00e9n apodado como &#8220;El Emperador&#8221; parece que ya se infect\u00f3 de pol\u00edtica y perdi\u00f3 la frialdad, dej\u00e1ndose llevar por la pasi\u00f3n.<\/p>\n\n\n\n<p>Nunca se toc\u00f3 el tema de seguridad en Orizaba, simplemente porque no era el motivo de la reuni\u00f3n. Esto enoj\u00f3 m\u00e1s al &#8220;Emperador&#8221;: nadie le hizo segunda a la campa\u00f1a que organiza contra el Gobierno de Veracruz por haberle quitado su juguete m\u00e1s preciado: la Polic\u00eda Municipal.<\/p>\n\n\n\n<p>Y es que la verdadera fuerza del pol\u00edtico, es la Polic\u00eda\u2026 (apr\u00e9ndanselo, mis ni\u00f1os, porque eso se lo aprend\u00ed a un pol\u00edtico de la vieja guardia).<\/p>\n\n\n\n<p>Por cierto, estuvo ausente Igor Roj\u00ed, el alcalde de Orizaba. Fue totalmente innecesaria su presencia.<\/p>\n\n\n\n<p><strong>REACCIONES VIRULENTAS<\/strong><\/p>\n\n\n\n<p>Perdone por insistir, pero la neta llama mucho la atenci\u00f3n la reacci\u00f3n virulenta del alcalde de Orizaba, de quien se sabe que es s\u00f3lo una extensi\u00f3n del poder de Juan Manuel Diez, quien nuevamente participar\u00e1 &#8211;y seguramente ganar\u00e1&#8211; las pr\u00f3ximas elecciones para elegir nuevas autoridades municipales.<\/p>\n\n\n\n<p>No es para menos: Diez y su corte tienen a sus \u00f3rdenes un peque\u00f1o ej\u00e9rcito de 300 polic\u00edas.<\/p>\n\n\n\n<p>El hecho que le hayan quitado &#8211;temporalmente&#8211; el mando a la Polic\u00eda Municipal para que la Polic\u00eda Estatal tomara el control de la seguridad en la ciudad, no hubiese pasado de no ser por la ejecuci\u00f3n de tres elementos de la SSP, que evidenci\u00f3 la obvia complicidad de las autoridades locales.<\/p>\n\n\n\n<p>Y eso parece que se le olvid\u00f3 a Diez, a su alcalde y a todos los que le hicieron comparsa: hay tres polic\u00edas estatales muertos, ca\u00eddos en el cumplimiento de su deber. Fueron ejecutados de manera inmisericorde por un comando que viaj\u00f3 desde la vecina C\u00f3rdoba, entr\u00f3 a Orizaba, atraves\u00f3 la ciudad y ubic\u00f3 a los polic\u00edas que antes hab\u00edan realizado la detenci\u00f3n de un presunto miembro de la delincuencia organizada.<\/p>\n\n\n\n<p>De ah\u00ed, se fueron como si nada. Salieron de la ciudad as\u00ed como entraron: con todas las facilidades, en uno de los sitios m\u00e1s seguros de Veracruz.<\/p>\n\n\n\n<p>Una versi\u00f3n que corre al interior de la SSP &#8211;ya publicada por este autor&#8211; es que les pagaron 200 mil pesos por cada polic\u00eda muerto a los ejecutores.<\/p>\n\n\n\n<p>El asunto es que todo fue legal (ahora s\u00ed parece que asesoraron bien legalmente los de Morena, porque eso de no tener buenos abogados es un de sus talones de Aquiles). La llegada de la Secretar\u00eda de Seguridad P\u00fablica fue respaldada por la Secretar\u00eda de la Defensa Nacional para la revisi\u00f3n del armamento de los efectivos locales, que est\u00e1 contemplado en la ley.<\/p>\n\n\n\n<p>Con esto, no hab\u00eda pretexto para que la Polic\u00eda Municipal no fuese revisada y mucho menos habr\u00eda motivos para que hasta el Director de la Polic\u00eda Municipal, V\u00edctor Hugo Cid Guzm\u00e1n, alias &#8220;Fantomas&#8221; saliera de pelada.<\/p>\n\n\n\n<p>Esto se hubiese arreglado muy f\u00e1cil: simplemente con que hubiesen arrestado y entregado a la justicia a los &#8220;dedos&#8221; que pusieron a los polic\u00edas estatales.<\/p>\n\n\n\n<p>Pero no, Diez y sus cuates prefirieron politizar el asunto.<\/p>\n\n\n\n<p>Ahora la beben, o la derraman, dir\u00eda El Ferras.<\/p>\n\n\n\n<p><strong>NOTA PARA PEGAR EN EL REFRI: <\/strong>&#8220;Somos m\u00e1s los que buscamos la paz en el municipio de Cosoleacaque, somos m\u00e1s los que queremos la justicia, somos m\u00e1s los que exigimos tener armon\u00eda en este municipio, como un ciudadano m\u00e1s, despertamos el d\u00eda lunes con una tragedia que nos ha sacudido a todos, y el d\u00eda mi\u00e9rcoles un joven ha sido asesinado cobardemente tambi\u00e9n\u2026 Pido y solicito y exijo, a las autoridades estatales y federales, trabajar conjuntamente, y reforcemos la seguridad en el municipio de Cosoleacaque, todo en beneficio de la ciudadan\u00eda, sin pol\u00edticas, sin colores, el \u00fanico enemigo en com\u00fan que tenemos todos es la delincuencia, y tenemos que trabajar de mano para que de esto podamos salir juntos, juntos solamente as\u00ed saldr\u00e1 esto&#8221;, fue el mensaje que por la noche de este mi\u00e9rcoles envi\u00f3 el alcalde de Cosoleacaque, Cirilo V\u00e1squez Lagunes, luego de conocerse la ejecuci\u00f3n de un estudiante del Tec de Minatitl\u00e1n a la salida de una iglesia\u2026 Pareciera que alguien est\u00e1 muy interesado en controlar la plaza y rutas del municipio de Cosoleacaque y anda &#8220;calentando&#8221; la plaza. De igual manera, hay actorcillos pol\u00edticos que quieren sacar raja pol\u00edtica de la violencia con el viejo recurso de usar la inseguridad como arma pol\u00edtica; no dude tambi\u00e9n que est\u00e9n vinculados a los malosos.<\/p>\n\n\n\n<p><strong>OTRA NOTA: <\/strong>Desde este espacio, un abrazo muy fuerte y solidario para el jefazo Ra\u00fal Olivares P\u00e9rez, subdirector de Notiver, por el sensible fallecimiento de su esposa Alicia Nava Zurita. Descanse en paz\u2026 Mucha fortaleza, broder. Mi sentido p\u00e9same.<\/p>\n\n\n\n<p><strong>LA \u00daLTIMA PORQUE ES VIEEEEERNEEEEES: <\/strong>Este jueves publicamos en la Notiver Speshial Edishion que el l\u00edder magisterial Juan Callejas Rold\u00e1n (hijo del extinto Juan Nicol\u00e1s Callejas Arroyo) estar\u00eda en las primeras posiciones de Movimiento Ciudadano para una pluri local, por lo que pondr\u00eda a toda la estructura de la secci\u00f3n 32 del SNTE a operar para alcanzar la tan ansiada curul. Este mismo jueves, una fuente al interior nos confirm\u00f3 que efectivamente en esas anda, y que hay un descontento al interior del sindicato porque est\u00e1n cansados de que los pongan a trabajar s\u00f3lo para complacer al &#8220;King&#8221; Callejas, quien nom\u00e1s, dice, se la pasa en su rancho rasc\u00e1ndose las gl\u00e1ndulas que producen los espermatozoides.<\/p>\n\n\n\n<p><strong>@pablojair<\/strong><\/p>\n","protected":false},"excerpt":{"rendered":"<p>Cirilo pide unidad contra la delincuencia. Abrazote muy fuerte, jefe Ra\u00fal. El l\u00edder nom\u00e1s se la pasa en el rancho. Bueno \u00bfy no mandaron a Alicia Villareala Cosoleacaque a tomarse la foto?&#8212;Chopenjawer La reuni\u00f3n sostenida este mi\u00e9rcoles entre el Gobierno de Veracruz y los industriales\/empresarios m\u00e1s chipucludos del estado ya ten\u00eda d\u00edas agendada y no [&hellip;]<\/p>\n","protected":false},"author":1,"featured_media":488,"comment_status":"open","ping_status":"open","sticky":false,"template":"","format":"standard","meta":{"_jetpack_memberships_contains_paid_content":false,"footnotes":""},"categories":[11],"tags":[],"class_list":["post-11278","post","type-post","status-publish","format-standard","has-post-thumbnail","hentry","category-opinion"],"jetpack_featured_media_url":"https:\/\/encuentroinformativo.com.mx\/wp-content\/uploads\/2020\/03\/F471F608-BA1A-416B-BA7B-BCFB24F4E6D0.jpeg","jetpack_sharing_enabled":true,"jetpack_likes_enabled":true,"amp_enabled":true,"_links":{"self":[{"href":"https:\/\/encuentroinformativo.com.mx\/index.php?rest_route=\/wp\/v2\/posts\/11278","targetHints":{"allow":["GET"]}}],"collection":[{"href":"https:\/\/encuentroinformativo.com.mx\/index.php?rest_route=\/wp\/v2\/posts"}],"about":[{"href":"https:\/\/encuentroinformativo.com.mx\/index.php?rest_route=\/wp\/v2\/types\/post"}],"author":[{"embeddable":true,"href":"https:\/\/encuentroinformativo.com.mx\/index.php?rest_route=\/wp\/v2\/users\/1"}],"replies":[{"embeddable":true,"href":"https:\/\/encuentroinformativo.com.mx\/index.php?rest_route=%2Fwp%2Fv2%2Fcomments&post=11278"}],"version-history":[{"count":1,"href":"https:\/\/encuentroinformativo.com.mx\/index.php?rest_route=\/wp\/v2\/posts\/11278\/revisions"}],"predecessor-version":[{"id":11279,"href":"https:\/\/encuentroinformativo.com.mx\/index.php?rest_route=\/wp\/v2\/posts\/11278\/revisions\/11279"}],"wp:featuredmedia":[{"embeddable":true,"href":"https:\/\/encuentroinformativo.com.mx\/index.php?rest_route=\/wp\/v2\/media\/488"}],"wp:attachment":[{"href":"https:\/\/encuentroinformativo.com.mx\/index.php?rest_route=%2Fwp%2Fv2%2Fmedia&parent=11278"}],"wp:term":[{"taxonomy":"category","embeddable":true,"href":"https:\/\/encuentroinformativo.com.mx\/index.php?rest_route=%2Fwp%2Fv2%2Fcategories&post=11278"},{"taxonomy":"post_tag","embeddable":true,"href":"https:\/\/encuentroinformativo.com.mx\/index.php?rest_route=%2Fwp%2Fv2%2Ftags&post=11278"}],"curies":[{"name":"wp","href":"https:\/\/api.w.org\/{rel}","templated":true}]}}