{"id":11282,"date":"2021-02-19T14:29:57","date_gmt":"2021-02-19T20:29:57","guid":{"rendered":"https:\/\/encuentroinformativo.com.mx\/?p=11282"},"modified":"2021-02-19T14:30:00","modified_gmt":"2021-02-19T20:30:00","slug":"a-la-baja-casos-de-dengue","status":"publish","type":"post","link":"https:\/\/encuentroinformativo.com.mx\/?p=11282","title":{"rendered":"A la baja casos de dengue"},"content":{"rendered":"\n<p><strong>Dar\u00edo Pale <\/strong><\/p>\n\n\n\n<p>Xalapa, Ver.- De acuerdo a los informes de la\u00a0Secretar\u00eda de Salud federal en\u00a0lo que va del a\u00f1o Veracruz report\u00f3 apenas ocho casos confirmados de dengue, contra los 273 que registr\u00f3 en el mismo periodo pero del a\u00f1o 2020.<\/p>\n\n\n\n<p>Pese a la disminuci\u00f3n de casos, la entidad se ubica en el quinto lugar nacional con mayor n\u00famero de casos, ya que el\u00a0primer lugar nacional es Michoac\u00e1n que en lo que va del a\u00f1o reporta 26 casos confirmados; le sigue Jalisco con 21, Sinaloa con 12 y Colima con 11.<\/p>\n\n\n\n<p>En Veracruz, de los ocho casos contabilizados, cinco son con signos de alarma y tres del tipo de dengue no grave, adem\u00e1s, en el estado hay al menos cinco serotipos circulantes; es decir, variantes de esta misma enfermedad que se han encontrado en el estado.<\/p>\n\n\n\n<p>No obstante la cifra es inferior a lo registrado en 2020 cuando ya se contabilizaban 198 casos de dengue no grave y 75 de dengue con signos de alarma y grave, este\u00a0a\u00f1o la Secretar\u00eda de Salud federal se\u00f1ala que es el municipio de Tlalixcoyan el que tiene la mayor tasa con 5.10 casos por cada 100 mil habitantes.<\/p>\n\n\n\n<p>Finalmente le sigue Manlio Fabio Altamirano con 4.03 casos y Espinal con 3.67 casos por cada 100 mil habitantes.<\/p>\n","protected":false},"excerpt":{"rendered":"<p>Dar\u00edo Pale Xalapa, Ver.- De acuerdo a los informes de la\u00a0Secretar\u00eda de Salud federal en\u00a0lo que va del a\u00f1o Veracruz report\u00f3 apenas ocho casos confirmados de dengue, contra los 273 que registr\u00f3 en el mismo periodo pero del a\u00f1o 2020. Pese a la disminuci\u00f3n de casos, la entidad se ubica en el quinto lugar nacional [&hellip;]<\/p>\n","protected":false},"author":1,"featured_media":11283,"comment_status":"open","ping_status":"open","sticky":false,"template":"","format":"standard","meta":{"_jetpack_memberships_contains_paid_content":false,"footnotes":""},"categories":[9],"tags":[],"class_list":["post-11282","post","type-post","status-publish","format-standard","has-post-thumbnail","hentry","category-salud"],"jetpack_featured_media_url":"https:\/\/encuentroinformativo.com.mx\/wp-content\/uploads\/2021\/02\/1E4B2DF2-5619-4188-8C85-D1D61E7B93A4.jpeg","jetpack_sharing_enabled":true,"jetpack_likes_enabled":true,"amp_enabled":true,"_links":{"self":[{"href":"https:\/\/encuentroinformativo.com.mx\/index.php?rest_route=\/wp\/v2\/posts\/11282","targetHints":{"allow":["GET"]}}],"collection":[{"href":"https:\/\/encuentroinformativo.com.mx\/index.php?rest_route=\/wp\/v2\/posts"}],"about":[{"href":"https:\/\/encuentroinformativo.com.mx\/index.php?rest_route=\/wp\/v2\/types\/post"}],"author":[{"embeddable":true,"href":"https:\/\/encuentroinformativo.com.mx\/index.php?rest_route=\/wp\/v2\/users\/1"}],"replies":[{"embeddable":true,"href":"https:\/\/encuentroinformativo.com.mx\/index.php?rest_route=%2Fwp%2Fv2%2Fcomments&post=11282"}],"version-history":[{"count":1,"href":"https:\/\/encuentroinformativo.com.mx\/index.php?rest_route=\/wp\/v2\/posts\/11282\/revisions"}],"predecessor-version":[{"id":11284,"href":"https:\/\/encuentroinformativo.com.mx\/index.php?rest_route=\/wp\/v2\/posts\/11282\/revisions\/11284"}],"wp:featuredmedia":[{"embeddable":true,"href":"https:\/\/encuentroinformativo.com.mx\/index.php?rest_route=\/wp\/v2\/media\/11283"}],"wp:attachment":[{"href":"https:\/\/encuentroinformativo.com.mx\/index.php?rest_route=%2Fwp%2Fv2%2Fmedia&parent=11282"}],"wp:term":[{"taxonomy":"category","embeddable":true,"href":"https:\/\/encuentroinformativo.com.mx\/index.php?rest_route=%2Fwp%2Fv2%2Fcategories&post=11282"},{"taxonomy":"post_tag","embeddable":true,"href":"https:\/\/encuentroinformativo.com.mx\/index.php?rest_route=%2Fwp%2Fv2%2Ftags&post=11282"}],"curies":[{"name":"wp","href":"https:\/\/api.w.org\/{rel}","templated":true}]}}