{"id":11327,"date":"2021-02-21T15:01:54","date_gmt":"2021-02-21T21:01:54","guid":{"rendered":"https:\/\/encuentroinformativo.com.mx\/?p=11327"},"modified":"2021-02-21T15:01:57","modified_gmt":"2021-02-21T21:01:57","slug":"se-desploma-aeronave-en-el-lencero-mueren-6-elementos-de-sedena","status":"publish","type":"post","link":"https:\/\/encuentroinformativo.com.mx\/?p=11327","title":{"rendered":"Se desploma aeronave en El Lencero, mueren 6 elementos de SEDENA"},"content":{"rendered":"\n<p><strong>Juan Arcos \u00a0<\/strong><\/p>\n\n\n\n<p>Xalapa, Ver.- Seis elementos de la Secretar\u00eda  de la Defensa Nacional (Sedena) murieron tras el desplome de una aeronave Learjet en la localidad El Lencero, perteneciente al municipio de Emiliano Zapata.<\/p>\n\n\n\n<p>Los hechos ocurrieron a las 10:46 horas de este domingo 21 de febrero, cuando la aeronave FAM3912 LJ45, apenas hab\u00eda despegado y sufri\u00f3 un accidente, cayendo al final de la pista de aterrizaje.<\/p>\n\n\n\n<p>La avioneta se desplom\u00f3 sobre sembrad\u00edos de ca\u00f1a, a un costado de un beneficio de caf\u00e9.<\/p>\n\n\n\n<p>Fueron vecinos de la zona quienes reportaron a los n\u00fameros de emergencia el accidente.\u00a0<br>De acuerdo con la Agencia Federal de Aviaci\u00f3n Civil (AFAC), comandancia regional V, seis personas iban a bordo de la ruta Xalapa-Villahermosa (Tabasco).<\/p>\n\n\n\n<p>De manera extraoficial se ha dado a conocer que los seis elementos fallecieron en este accidente; sin embargo, hasta el momento, la Secretar\u00eda de la Defensa Nacional no ha informado nada al respecto.<\/p>\n\n\n\n<p>En algunas fotograf\u00edas que circulan en redes sociales y medios de comunicaci\u00f3n se observa que el impacto ocasion\u00f3 la destrucci\u00f3n de gran parte de la avioneta, as\u00ed como tambi\u00e9n, un cuerpo completamente quemado.<\/p>\n\n\n\n<p>Tambi\u00e9n hay videos donde se muestra el momento exacto en que los bomberos y dem\u00e1s rescatistas apagan el fuego e intentan liberar a los pasajeros y al piloto.<\/p>\n\n\n\n<p>En la zona se encuentra personal de Bomberos, Protecci\u00f3n Civil y del Ej\u00e9rcito Mexicano, quienes acudieron para apagar el fuego y brindar la atenci\u00f3n requerida.<\/p>\n\n\n\n<p>Tambi\u00e9n acudi\u00f3 personal de la Fiscal\u00eda General del Estado (FGE) para realizar la diligencias de campo correspondientes para conocer la causa del accidente.<\/p>\n\n\n\n<p>Una amplia movilizaci\u00f3n de fuerzas de tarea se registra en la localidad El Lencero, que se encuentra muy cerca de Xalapa, la capital del estado.<\/p>\n\n\n\n<p>La Secretar\u00eda de Protecci\u00f3n Civil (PC) de Veracruz, a cargo de Guadalupe Osorno Maldonado, confirm\u00f3 que fuerzas de tarea de los tres niveles de gobierno contin\u00faa atendiendo el incidente.<\/p>\n\n\n\n<figure class=\"wp-block-image size-large\"><img loading=\"lazy\" decoding=\"async\" width=\"720\" height=\"480\" src=\"https:\/\/encuentroinformativo.com.mx\/wp-content\/uploads\/2021\/02\/621A7551-8A9C-4891-9749-D3FCCFE0DA40.jpeg\" alt=\"\" class=\"wp-image-11328\" srcset=\"https:\/\/encuentroinformativo.com.mx\/wp-content\/uploads\/2021\/02\/621A7551-8A9C-4891-9749-D3FCCFE0DA40.jpeg 720w, https:\/\/encuentroinformativo.com.mx\/wp-content\/uploads\/2021\/02\/621A7551-8A9C-4891-9749-D3FCCFE0DA40-300x200.jpeg 300w\" sizes=\"auto, (max-width: 720px) 100vw, 720px\" \/><\/figure>\n","protected":false},"excerpt":{"rendered":"<p>Juan Arcos \u00a0 Xalapa, Ver.- Seis elementos de la Secretar\u00eda de la Defensa Nacional (Sedena) murieron tras el desplome de una aeronave Learjet en la localidad El Lencero, perteneciente al municipio de Emiliano Zapata. Los hechos ocurrieron a las 10:46 horas de este domingo 21 de febrero, cuando la aeronave FAM3912 LJ45, apenas hab\u00eda despegado [&hellip;]<\/p>\n","protected":false},"author":1,"featured_media":11326,"comment_status":"open","ping_status":"open","sticky":false,"template":"","format":"standard","meta":{"_jetpack_memberships_contains_paid_content":false,"footnotes":""},"categories":[2],"tags":[],"class_list":["post-11327","post","type-post","status-publish","format-standard","has-post-thumbnail","hentry","category-estado"],"jetpack_featured_media_url":"https:\/\/encuentroinformativo.com.mx\/wp-content\/uploads\/2021\/02\/D8795CAD-9670-46B2-AF6D-70055E61EFC6.jpeg","jetpack_sharing_enabled":true,"jetpack_likes_enabled":true,"amp_enabled":true,"_links":{"self":[{"href":"https:\/\/encuentroinformativo.com.mx\/index.php?rest_route=\/wp\/v2\/posts\/11327","targetHints":{"allow":["GET"]}}],"collection":[{"href":"https:\/\/encuentroinformativo.com.mx\/index.php?rest_route=\/wp\/v2\/posts"}],"about":[{"href":"https:\/\/encuentroinformativo.com.mx\/index.php?rest_route=\/wp\/v2\/types\/post"}],"author":[{"embeddable":true,"href":"https:\/\/encuentroinformativo.com.mx\/index.php?rest_route=\/wp\/v2\/users\/1"}],"replies":[{"embeddable":true,"href":"https:\/\/encuentroinformativo.com.mx\/index.php?rest_route=%2Fwp%2Fv2%2Fcomments&post=11327"}],"version-history":[{"count":1,"href":"https:\/\/encuentroinformativo.com.mx\/index.php?rest_route=\/wp\/v2\/posts\/11327\/revisions"}],"predecessor-version":[{"id":11329,"href":"https:\/\/encuentroinformativo.com.mx\/index.php?rest_route=\/wp\/v2\/posts\/11327\/revisions\/11329"}],"wp:featuredmedia":[{"embeddable":true,"href":"https:\/\/encuentroinformativo.com.mx\/index.php?rest_route=\/wp\/v2\/media\/11326"}],"wp:attachment":[{"href":"https:\/\/encuentroinformativo.com.mx\/index.php?rest_route=%2Fwp%2Fv2%2Fmedia&parent=11327"}],"wp:term":[{"taxonomy":"category","embeddable":true,"href":"https:\/\/encuentroinformativo.com.mx\/index.php?rest_route=%2Fwp%2Fv2%2Fcategories&post=11327"},{"taxonomy":"post_tag","embeddable":true,"href":"https:\/\/encuentroinformativo.com.mx\/index.php?rest_route=%2Fwp%2Fv2%2Ftags&post=11327"}],"curies":[{"name":"wp","href":"https:\/\/api.w.org\/{rel}","templated":true}]}}