{"id":11330,"date":"2021-02-21T15:31:05","date_gmt":"2021-02-21T21:31:05","guid":{"rendered":"https:\/\/encuentroinformativo.com.mx\/?p=11330"},"modified":"2021-02-21T15:31:08","modified_gmt":"2021-02-21T21:31:08","slug":"investiga-sedena-accidente-en-el-lencero","status":"publish","type":"post","link":"https:\/\/encuentroinformativo.com.mx\/?p=11330","title":{"rendered":"Investiga Sedena accidente en El Lencero"},"content":{"rendered":"\n<p><strong>Juan Arcos <\/strong><\/p>\n\n\n\n<p>Xalapa, Ver.- La Secretar\u00eda de la Defensa Nacional (Sedena) confirm\u00f3 que seis militares murieron en el desplome de la aeronave LearJet 45, matr\u00edcula 3912, de la Fuerza A\u00e9rea Mexicana, en la localidad El Lencero, municipio de Emiliano Zapata.<\/p>\n\n\n\n<p>En un comunicado, dio a conocer que, a las 9:45 horas de este domingo, la avioneta sufri\u00f3 un accidente al despegar del Aeropuerto Nacional \u201cEl Lencero\u201d, ocasionando la muerte de su personal en dicha zona cercana a Xalapa, la capital de Veracruz.<\/p>\n\n\n\n<p>De acuerdo con informaci\u00f3n del Aeropuerto Internacional de El Lencero, quien piloteaba la avioneta era Germ\u00e1n Flores, Aldo Miranda iba como copiloto y cuatro pasajeros m\u00e1s los acompa\u00f1aban en la aeronave.<\/p>\n\n\n\n<p>\u201cEl personal de Generales, Jefes, Oficiales y Tropa que integramos el Instituto Armado expresamos nuestro m\u00e1s profundo p\u00e9same a las familias de nuestros compa\u00f1eros de armas que lamentablemente perdieron la vida en cumplimiento de su deber\u201d, se lee en el informe de Sedema.<\/p>\n\n\n\n<p>La dependencia federal asegur\u00f3 que se otorgar\u00e1n los beneficios que por ley correspondan a sus derechohabientes, as\u00ed como, el acompa\u00f1amiento necesario para apoyarlos en todas sus necesidades durante este dif\u00edcil momento.<\/p>\n\n\n\n<p>Tambi\u00e9n dio a conocer que la Comisi\u00f3n Investigadora y Dictaminadora de Accidentes A\u00e9reos de la Sedena y la Inspecci\u00f3n y Contralor\u00eda General del Ej\u00e9rcito y Fuerza A\u00e9rea, realizar\u00e1n los peritajes correspondientes para determinar las causas del accidente.<\/p>\n\n\n\n<p>En algunas fotograf\u00edas que circulan en redes sociales se observa que el impacto ocasion\u00f3 la destrucci\u00f3n de gran parte de la avioneta y, en la parte de afuera, hay un cuerpo completamente quemado.<\/p>\n\n\n\n<p>Tambi\u00e9n hay videos donde se muestra el momento exacto en que los bomberos y dem\u00e1s rescatistas apagan el fuego e intentan liberar a los pasajeros.&nbsp;<\/p>\n\n\n\n<p>La Secretar\u00eda de Protecci\u00f3n Civil (PC) de Veracruz, a cargo de Guadalupe Osorno Maldonado, confirm\u00f3 que fuerzas de tarea de los tres niveles de gobierno contin\u00faan atendiendo el incidente.<\/p>\n\n\n\n<p>Al lugar de los hechos, tambi\u00e9n se present\u00f3 personal de la Fiscal\u00eda General del Estado (FGE) para realizar la diligencias de campo correspondientes.<\/p>\n","protected":false},"excerpt":{"rendered":"<p>Juan Arcos Xalapa, Ver.- La Secretar\u00eda de la Defensa Nacional (Sedena) confirm\u00f3 que seis militares murieron en el desplome de la aeronave LearJet 45, matr\u00edcula 3912, de la Fuerza A\u00e9rea Mexicana, en la localidad El Lencero, municipio de Emiliano Zapata. En un comunicado, dio a conocer que, a las 9:45 horas de este domingo, la [&hellip;]<\/p>\n","protected":false},"author":1,"featured_media":11328,"comment_status":"open","ping_status":"open","sticky":false,"template":"","format":"standard","meta":{"_jetpack_memberships_contains_paid_content":false,"footnotes":""},"categories":[8],"tags":[],"class_list":["post-11330","post","type-post","status-publish","format-standard","has-post-thumbnail","hentry","category-region"],"jetpack_featured_media_url":"https:\/\/encuentroinformativo.com.mx\/wp-content\/uploads\/2021\/02\/621A7551-8A9C-4891-9749-D3FCCFE0DA40.jpeg","jetpack_sharing_enabled":true,"jetpack_likes_enabled":true,"amp_enabled":true,"_links":{"self":[{"href":"https:\/\/encuentroinformativo.com.mx\/index.php?rest_route=\/wp\/v2\/posts\/11330","targetHints":{"allow":["GET"]}}],"collection":[{"href":"https:\/\/encuentroinformativo.com.mx\/index.php?rest_route=\/wp\/v2\/posts"}],"about":[{"href":"https:\/\/encuentroinformativo.com.mx\/index.php?rest_route=\/wp\/v2\/types\/post"}],"author":[{"embeddable":true,"href":"https:\/\/encuentroinformativo.com.mx\/index.php?rest_route=\/wp\/v2\/users\/1"}],"replies":[{"embeddable":true,"href":"https:\/\/encuentroinformativo.com.mx\/index.php?rest_route=%2Fwp%2Fv2%2Fcomments&post=11330"}],"version-history":[{"count":1,"href":"https:\/\/encuentroinformativo.com.mx\/index.php?rest_route=\/wp\/v2\/posts\/11330\/revisions"}],"predecessor-version":[{"id":11331,"href":"https:\/\/encuentroinformativo.com.mx\/index.php?rest_route=\/wp\/v2\/posts\/11330\/revisions\/11331"}],"wp:featuredmedia":[{"embeddable":true,"href":"https:\/\/encuentroinformativo.com.mx\/index.php?rest_route=\/wp\/v2\/media\/11328"}],"wp:attachment":[{"href":"https:\/\/encuentroinformativo.com.mx\/index.php?rest_route=%2Fwp%2Fv2%2Fmedia&parent=11330"}],"wp:term":[{"taxonomy":"category","embeddable":true,"href":"https:\/\/encuentroinformativo.com.mx\/index.php?rest_route=%2Fwp%2Fv2%2Fcategories&post=11330"},{"taxonomy":"post_tag","embeddable":true,"href":"https:\/\/encuentroinformativo.com.mx\/index.php?rest_route=%2Fwp%2Fv2%2Ftags&post=11330"}],"curies":[{"name":"wp","href":"https:\/\/api.w.org\/{rel}","templated":true}]}}