{"id":11337,"date":"2021-02-21T17:20:37","date_gmt":"2021-02-21T23:20:37","guid":{"rendered":"https:\/\/encuentroinformativo.com.mx\/?p=11337"},"modified":"2021-02-21T17:21:08","modified_gmt":"2021-02-21T23:21:08","slug":"disminuyeron-casos-de-influenza-en-90","status":"publish","type":"post","link":"https:\/\/encuentroinformativo.com.mx\/?p=11337","title":{"rendered":"Disminuyeron casos de influenza en 90%"},"content":{"rendered":"\n<p><strong>Juan Arcos <\/strong><\/p>\n\n\n\n<p>Xalapa, Ver.- M\u00e1s de 90 por ciento disminuyeron los casos de influenza en M\u00e9xico por las medidas de prevenci\u00f3n que implement\u00f3 la poblaci\u00f3n durante la pandemia del SARS-COV-2 (COVID-19).<\/p>\n\n\n\n<p>As\u00ed lo revel\u00f3 Luis Martell, m\u00e9dico de Enlace Cient\u00edfico de Inmuno\/Influenza en Roche M\u00e9xico, quien a\u00f1adi\u00f3 que dicha situaci\u00f3n fue notoria en comparaci\u00f3n con el a\u00f1o anterior.<\/p>\n\n\n\n<p>\u201cTenemos s\u00f3lo el diez por ciento de lo que hab\u00edamos visto previamente hasta ahorita. Va a depender de varios factores: qu\u00e9 tanto se est\u00e1n haciendo pruebas diagn\u00f3sticas espec\u00edficas de influenza y definitivamente la parte del uso de cubrebocas, el constante lavado de manos, sabemos que funciona\u201d.<\/p>\n\n\n\n<p>Detall\u00f3 que en el periodo 2019-2020 se registraron cerca de 10 mil casos de influenza; sin embargo, en esta temporada se contabilizaron menos de mil.<\/p>\n\n\n\n<p>\u201cEntonces ha sido un reducci\u00f3n del 90 por ciento y todav\u00eda no acaba la temporada pero sabemos que estas \u00faltimas semanas hay menos casos\u201d.<\/p>\n\n\n\n<p>El especialista inform\u00f3 que la temporada donde se registran casos de influenza estacional inicia en octubre y concluye normalmente en marzo, por lo que quedan s\u00f3lo un mes y dos semanas de este \u00faltimo a\u00f1o.<br>Se estima que en una etapa estacional, entre el uno y tres por ciento de la poblaci\u00f3n mexicana, adquiere el virus de la influenza.<\/p>\n\n\n\n<p>El doctor Luis Martell detall\u00f3 que las medidas preventivas y el tratamiento antiviral espec\u00edfico hacen la diferencia para evitar muertes por dicha enfermedad.<\/p>\n\n\n\n<p>\u201cEl uso de cubrebocas, lavado de manos, la vacunaci\u00f3n, es una primera parte, pero en caso de infectarnos es tener un diagn\u00f3stico temprano, un diagn\u00f3stico adecuado y tener un tratamiento antiviral\u201d.<\/p>\n\n\n\n<p>Enfatiz\u00f3 la importancia de que las personas que se infecten accedan a un tratamiento antiviral espec\u00edfico, para evitar que un paciente est\u00e9 entre 10 y 15 semanas en cama y recuperarse en menos de 48 horas.<\/p>\n\n\n\n<p>\u201cCreo que eso es algo bastante innovador que podemos tener para la influenza espec\u00edficamente. El tratamiento antiviral ya est\u00e1 en las principales cadenas de farmacias, necesita en s\u00ed una receta m\u00e9dica, pero se pueden encontrar en cualquier farmacia\u201d.<\/p>\n\n\n\n<p>Luis Martell actualmente forma parte del equipo m\u00e9dico para Roche M\u00e9xico, en el cual est\u00e1 a cargo de los temas de inmunolog\u00eda e infectolog\u00eda. Es responsable de temas cruciales como influenza, as\u00ed como las terapias innovadoras para su tratamiento.<br>Dentro de su trayectoria profesional, form\u00f3 parte del equipo de farmac\u00e9uticas como Novartis y Gr\u00fcnenthal. Entre los principales temas clave en los que tiene una amplia experiencia, se encuentran diabetes, dermatolog\u00eda, hematolog\u00eda, oftalmolog\u00eda, cuidados paliativos e infectolog\u00eda.<\/p>\n\n\n\n<p>Martell es m\u00e9dico cirujano egresado de la Universidad Panamericana y cuenta con diplomados y certificaciones en farmacoeconom\u00eda y evidencia de la vida real, adem\u00e1s, realiz\u00f3 una estancia en investigaci\u00f3n cl\u00ednica quir\u00fargica en la Secretar\u00eda de Salud.<\/p>\n","protected":false},"excerpt":{"rendered":"<p>Juan Arcos Xalapa, Ver.- M\u00e1s de 90 por ciento disminuyeron los casos de influenza en M\u00e9xico por las medidas de prevenci\u00f3n que implement\u00f3 la poblaci\u00f3n durante la pandemia del SARS-COV-2 (COVID-19). As\u00ed lo revel\u00f3 Luis Martell, m\u00e9dico de Enlace Cient\u00edfico de Inmuno\/Influenza en Roche M\u00e9xico, quien a\u00f1adi\u00f3 que dicha situaci\u00f3n fue notoria en comparaci\u00f3n con [&hellip;]<\/p>\n","protected":false},"author":1,"featured_media":5669,"comment_status":"open","ping_status":"open","sticky":false,"template":"","format":"standard","meta":{"_jetpack_memberships_contains_paid_content":false,"footnotes":""},"categories":[9],"tags":[],"class_list":["post-11337","post","type-post","status-publish","format-standard","has-post-thumbnail","hentry","category-salud"],"jetpack_featured_media_url":"https:\/\/encuentroinformativo.com.mx\/wp-content\/uploads\/2020\/09\/93B49110-6ADD-4E81-8822-59C271EBD3AA.jpeg","jetpack_sharing_enabled":true,"jetpack_likes_enabled":true,"amp_enabled":true,"_links":{"self":[{"href":"https:\/\/encuentroinformativo.com.mx\/index.php?rest_route=\/wp\/v2\/posts\/11337","targetHints":{"allow":["GET"]}}],"collection":[{"href":"https:\/\/encuentroinformativo.com.mx\/index.php?rest_route=\/wp\/v2\/posts"}],"about":[{"href":"https:\/\/encuentroinformativo.com.mx\/index.php?rest_route=\/wp\/v2\/types\/post"}],"author":[{"embeddable":true,"href":"https:\/\/encuentroinformativo.com.mx\/index.php?rest_route=\/wp\/v2\/users\/1"}],"replies":[{"embeddable":true,"href":"https:\/\/encuentroinformativo.com.mx\/index.php?rest_route=%2Fwp%2Fv2%2Fcomments&post=11337"}],"version-history":[{"count":1,"href":"https:\/\/encuentroinformativo.com.mx\/index.php?rest_route=\/wp\/v2\/posts\/11337\/revisions"}],"predecessor-version":[{"id":11338,"href":"https:\/\/encuentroinformativo.com.mx\/index.php?rest_route=\/wp\/v2\/posts\/11337\/revisions\/11338"}],"wp:featuredmedia":[{"embeddable":true,"href":"https:\/\/encuentroinformativo.com.mx\/index.php?rest_route=\/wp\/v2\/media\/5669"}],"wp:attachment":[{"href":"https:\/\/encuentroinformativo.com.mx\/index.php?rest_route=%2Fwp%2Fv2%2Fmedia&parent=11337"}],"wp:term":[{"taxonomy":"category","embeddable":true,"href":"https:\/\/encuentroinformativo.com.mx\/index.php?rest_route=%2Fwp%2Fv2%2Fcategories&post=11337"},{"taxonomy":"post_tag","embeddable":true,"href":"https:\/\/encuentroinformativo.com.mx\/index.php?rest_route=%2Fwp%2Fv2%2Ftags&post=11337"}],"curies":[{"name":"wp","href":"https:\/\/api.w.org\/{rel}","templated":true}]}}