{"id":11339,"date":"2021-02-21T21:05:19","date_gmt":"2021-02-22T03:05:19","guid":{"rendered":"https:\/\/encuentroinformativo.com.mx\/?p=11339"},"modified":"2021-02-21T21:05:22","modified_gmt":"2021-02-22T03:05:22","slug":"amlo-envia-condolencias-por-accidente-en-el-lencero","status":"publish","type":"post","link":"https:\/\/encuentroinformativo.com.mx\/?p=11339","title":{"rendered":"AMLO env\u00eda condolencias por accidente en El Lencero"},"content":{"rendered":"\n<p><strong>Juan Arcos<\/strong><\/p>\n\n\n\n<p>Xalapa, Ver.- El presidente de la Rep\u00fablica, Andr\u00e9s Manuel L\u00f3pez Obrador, lament\u00f3 el fallecimiento de los seis militares en el desplome de una aeronave de la Fuerza A\u00e9rea Mexicana en el estado de Veracruz.<\/p>\n\n\n\n<p>A las 9:45 horas de este domingo, la\u00a0avioneta LearJet 45, con matr\u00edcula 3912, sufri\u00f3 un accidente al despegar, cayendo sobre sembrad\u00edos de ca\u00f1a, cerca del Aeropuerto Internacional de El Lencero, ubicado en el municipio de Emiliano Zapata.<\/p>\n\n\n\n<p>\u201cMi m\u00e1s sentido p\u00e9same a los familiares del senador Radam\u00e9s Salazar as\u00ed como a los familiares de los seis oficiales y soldados que perdieron la vida en un accidente de aviaci\u00f3n en Veracruz. A todos los abrazo con amor\u201d, public\u00f3 en Twitter.<\/p>\n\n\n\n<p>De acuerdo con informaci\u00f3n del Aeropuerto Internacional de El Lencero, Germ\u00e1n Flores piloteaba la avioneta e iba acompa\u00f1ado del copiloto Aldo Miranda y otros cuatro pasajeros.<\/p>\n\n\n\n<p>La Secretar\u00eda de la Defensa Nacional (Sedena) tambi\u00e9n lament\u00f3 el fallecimiento de los militares y detall\u00f3 que la Comisi\u00f3n Investigadora y Dictaminadora de Accidentes A\u00e9reos de esta dependencia federal y la Inspecci\u00f3n y Contralor\u00eda General del Ej\u00e9rcito y Fuerza A\u00e9rea, realizar\u00e1n los peritajes correspondientes para determinar las causas del accidente.<\/p>\n\n\n\n<p>Una fuerte movilizaci\u00f3n contin\u00faa en la localidad El Lencero por parte de fuerzas de tarea de los tres niveles de gobierno, donde los bomberos lograron apagar el fuego que consum\u00eda a la aeronave.<\/p>\n\n\n\n<p>Personal del Servicio M\u00e9dico Forense (Semefo) acudi\u00f3 al lugar de los hechos para retirar los restos humanos que se encuentran al interior de la aeronave; sin embargo, est\u00e1n a la espera de que autoridades de la Fuerza A\u00e9rea Mexicana arriben para realizar las diligencias correspondientes.<\/p>\n\n\n\n<p>El per\u00edmetro permanece acordonado y es resguardado por elementos de la Polic\u00eda Municipal de Emiliano Zapata, de la Secretar\u00eda de Seguridad P\u00fablica (SSP), Ej\u00e9rcito Mexicano y Guardia Nacional.<\/p>\n","protected":false},"excerpt":{"rendered":"<p>Juan Arcos Xalapa, Ver.- El presidente de la Rep\u00fablica, Andr\u00e9s Manuel L\u00f3pez Obrador, lament\u00f3 el fallecimiento de los seis militares en el desplome de una aeronave de la Fuerza A\u00e9rea Mexicana en el estado de Veracruz. A las 9:45 horas de este domingo, la\u00a0avioneta LearJet 45, con matr\u00edcula 3912, sufri\u00f3 un accidente al despegar, cayendo [&hellip;]<\/p>\n","protected":false},"author":1,"featured_media":11340,"comment_status":"open","ping_status":"open","sticky":false,"template":"","format":"standard","meta":{"_jetpack_memberships_contains_paid_content":false,"footnotes":""},"categories":[12],"tags":[],"class_list":["post-11339","post","type-post","status-publish","format-standard","has-post-thumbnail","hentry","category-nacional"],"jetpack_featured_media_url":"https:\/\/encuentroinformativo.com.mx\/wp-content\/uploads\/2021\/02\/B61BDA4C-E578-40DF-BC27-7ABFC0BCE42B.jpeg","jetpack_sharing_enabled":true,"jetpack_likes_enabled":true,"amp_enabled":true,"_links":{"self":[{"href":"https:\/\/encuentroinformativo.com.mx\/index.php?rest_route=\/wp\/v2\/posts\/11339","targetHints":{"allow":["GET"]}}],"collection":[{"href":"https:\/\/encuentroinformativo.com.mx\/index.php?rest_route=\/wp\/v2\/posts"}],"about":[{"href":"https:\/\/encuentroinformativo.com.mx\/index.php?rest_route=\/wp\/v2\/types\/post"}],"author":[{"embeddable":true,"href":"https:\/\/encuentroinformativo.com.mx\/index.php?rest_route=\/wp\/v2\/users\/1"}],"replies":[{"embeddable":true,"href":"https:\/\/encuentroinformativo.com.mx\/index.php?rest_route=%2Fwp%2Fv2%2Fcomments&post=11339"}],"version-history":[{"count":1,"href":"https:\/\/encuentroinformativo.com.mx\/index.php?rest_route=\/wp\/v2\/posts\/11339\/revisions"}],"predecessor-version":[{"id":11341,"href":"https:\/\/encuentroinformativo.com.mx\/index.php?rest_route=\/wp\/v2\/posts\/11339\/revisions\/11341"}],"wp:featuredmedia":[{"embeddable":true,"href":"https:\/\/encuentroinformativo.com.mx\/index.php?rest_route=\/wp\/v2\/media\/11340"}],"wp:attachment":[{"href":"https:\/\/encuentroinformativo.com.mx\/index.php?rest_route=%2Fwp%2Fv2%2Fmedia&parent=11339"}],"wp:term":[{"taxonomy":"category","embeddable":true,"href":"https:\/\/encuentroinformativo.com.mx\/index.php?rest_route=%2Fwp%2Fv2%2Fcategories&post=11339"},{"taxonomy":"post_tag","embeddable":true,"href":"https:\/\/encuentroinformativo.com.mx\/index.php?rest_route=%2Fwp%2Fv2%2Ftags&post=11339"}],"curies":[{"name":"wp","href":"https:\/\/api.w.org\/{rel}","templated":true}]}}