{"id":11354,"date":"2021-02-22T08:58:26","date_gmt":"2021-02-22T14:58:26","guid":{"rendered":"https:\/\/encuentroinformativo.com.mx\/?p=11354"},"modified":"2021-02-22T08:58:29","modified_gmt":"2021-02-22T14:58:29","slug":"cecan","status":"publish","type":"post","link":"https:\/\/encuentroinformativo.com.mx\/?p=11354","title":{"rendered":"CECAN"},"content":{"rendered":"\n<p><strong>N\u00fameros Rojos<\/strong><\/p>\n\n\n\n<p><strong>Brenda Caballero<\/strong><\/p>\n\n\n\n<p>De acuerdo a datos de la Organizaci\u00f3n Mundial de la Salud (OMS), el c\u00e1ncer de mama&nbsp; es el tipo de tumor maligno m\u00e1s frecuente en las mujeres con m\u00e1s de un mill\u00f3n de casos al a\u00f1o. En 2020 contabilizaron en nuestro pa\u00eds alrededor de 16 mil 500 casos nuevos que se agregan a los ya existentes.<\/p>\n\n\n\n<p>Si bien Veracruz tiene una tasa de mortalidad intermedia, no podemos pasar por alto la muerte de una mujer diariamente por c\u00e1ncer de mama en el estado.<\/p>\n\n\n\n<p>A ello agreguemos los diversos tipos de c\u00e1ncer que padecen los veracruzanos que hace que m\u00e1s de 12 mil pacientes lleguen mensualmente al Centro Estatal de Cancerolog\u00eda (CECAN) Doctor Miguel Dorantes Meza, para recibir atenci\u00f3n oncol\u00f3gica.<\/p>\n\n\n\n<p>En mi columna del <a href=\"http:\/\/www.lospoliticosveracruz.com.mx\/?p=67915\" target=\"_blank\" rel=\"noreferrer noopener\">8 de febrero<\/a> escrib\u00ed que tambi\u00e9n dejar\u00eda de funcionar el \u00e1rea de fisioterapia&nbsp; oncol\u00f3gica&nbsp; en el CECAN, dejando en la indefensi\u00f3n a las mujeres, como usuarias principales del servicio pues supuestamente por la pandemia del Covid, no hab\u00eda jefes en las \u00e1reas de oncolog\u00eda m\u00e9dica y cirug\u00eda oncol\u00f3gica, situaci\u00f3n que complicaba la atenci\u00f3n a pacientes por primera vez.<\/p>\n\n\n\n<p>De acuerdo a voces internas del CECAN, la falta de jefes en esas \u00e1reas responde a un \u201cberrinche\u201d de su director Jorge Ortiz Gonz\u00e1lez, o a un acto de servilismo hacia su jefe, Roberto Ramos Alor, pues no esper\u00f3 a escuchar voces y resolver el problema. La queja constante es que el doctor Ortiz ni llama al personal, ni hace reuniones, ni los escucha&#8230; Todo lo quiere resolver a trav\u00e9s de su celular con puro whatsapp por lo que el CECAN navega sin rumbo, pues no hay jefes, y parece que tampoco director pues nadie coordina \u00e1reas que son primordiales para los veracruzanos y veracruzanas que padecen c\u00e1ncer y necesitan tratamiento, y esto por supuesto, repercute en la familia de cada enfermo.<\/p>\n\n\n\n<p>Es interesante la declaraci\u00f3n que hace el doctor Ortiz a medios de comunicaci\u00f3n donde cita que en el CECAN hacen una labor tit\u00e1nica para ofrecer tratamientos paliativos y curativos a los pacientes, pero tambi\u00e9n para evitar que haya un brote de coronavirus en las instalaciones; sin embargo, los trabajadores afirman que est\u00e1 bloqueada un \u00e1rea de la planta baja del hospital donde se encuentra \u201cun \u00e1rea COVID informal\u201d, porque no est\u00e1 reportada ante SESVER. All\u00ed se atienden pacientes con c\u00e1ncer y COVID, y funciona como transici\u00f3n para su referencia al Centro de Alta Especialidad (CAE) o su alta domiciliaria.&nbsp;<\/p>\n\n\n\n<p>Esa \u00e1rea, que tiene la funci\u00f3n de ser &#8220;atenci\u00f3n inmediata&#8221; en otros hospitales llamado &#8220;urgencias&#8221;, y el \u00e1rea de unidad de c\u00e1ncer ginecol\u00f3gico, desarrollan actividades de manera &#8220;amontonada&#8221;, pues a pesar de las recomendaciones de espacios cerrados y sana distancia contra el COVID, en el tercer piso trabajan de 6 a 7 personas hacinadas en un espacio de 3x3m.&nbsp;<\/p>\n\n\n\n<p>Es urgente regular el flujo de pacientes COVID a otro espacio con mayor acceso a los servicios de imagen y de laboratorio; se deber\u00eda liberar el \u00e1rea y facilitar la atenci\u00f3n de pacientes que llegan a Urgencias y con padecimientos de tumores ginecol\u00f3gicos, afirman los empleados.<\/p>\n\n\n\n<p>Al no haber coordinaci\u00f3n en el hospital, pues no hay jefes con quien acudir para quejarse de alg\u00fan servicio y con la intenci\u00f3n de cumplir con un m\u00ednimo de consultas, su director quiere implementar consultas virtuales mediante una plataforma en internet.&nbsp;<\/p>\n\n\n\n<p>No s\u00e9 usted, pero yo no me imagino consultar virtualmente a una mujer con c\u00e1ncer de mama, c\u00e1ncer cervicouterino,&nbsp; a un hombre con c\u00e1ncer de pr\u00f3stata o a un ni\u00f1o con leucemia. \u00bfD\u00f3nde queda la exploraci\u00f3n f\u00edsica adecuada o la revisi\u00f3n de sus estudios?<\/p>\n\n\n\n<p>Ahora bien, nos comentan que el CECAN no tiene internet inal\u00e1mbrico, ni equipos de c\u00f3mputo suficientes, \u00a1pues as\u00ed c\u00f3mo!<\/p>\n\n\n\n<p>Ahora que si nos ponemos del lado del paciente, muchos y muchas pertenecen en su mayor\u00eda a comunidades alejadas en las cuales no hay acceso a internet ni poseen una computadora.<\/p>\n\n\n\n<p>Es terrible tambi\u00e9n que Rehabilitaci\u00f3n y Dental que realiza profilaxis en pacientes que reciben radioterapia en cara y cuello, sea considerado servicio &#8220;no indispensable&#8221; y se haya suspendido y mandado su personal a tomar la temperatura de la gente que ingresa al hospital.<\/p>\n\n\n\n<p>Si bien la pandemia de COVID la tenemos encima, debemos ver la realidad de que el c\u00e1ncer no para y se incrementan los casos d\u00eda con d\u00eda, por lo que al menos deber\u00eda haber coordinaci\u00f3n en el CECAN para atenderlos pues cualquiera que tenga c\u00e1ncer lo que quiere es una pronta atenci\u00f3n sin importar la contingencia. Todos y todas tenemos derecho a la salud.<\/p>\n\n\n\n<p>@NumerosRojos_BC<\/p>\n\n\n\n<p><a href=\"mailto:caballero_brenda@hotmail.com\" target=\"_blank\" rel=\"noreferrer noopener\">caballero_brenda@hotmail.com<\/a><\/p>\n","protected":false},"excerpt":{"rendered":"<p>N\u00fameros Rojos Brenda Caballero De acuerdo a datos de la Organizaci\u00f3n Mundial de la Salud (OMS), el c\u00e1ncer de mama&nbsp; es el tipo de tumor maligno m\u00e1s frecuente en las mujeres con m\u00e1s de un mill\u00f3n de casos al a\u00f1o. En 2020 contabilizaron en nuestro pa\u00eds alrededor de 16 mil 500 casos nuevos que se [&hellip;]<\/p>\n","protected":false},"author":1,"featured_media":70,"comment_status":"open","ping_status":"open","sticky":false,"template":"","format":"standard","meta":{"_jetpack_memberships_contains_paid_content":false,"footnotes":""},"categories":[11],"tags":[],"class_list":["post-11354","post","type-post","status-publish","format-standard","has-post-thumbnail","hentry","category-opinion"],"jetpack_featured_media_url":"https:\/\/encuentroinformativo.com.mx\/wp-content\/uploads\/2020\/02\/opinion-invitado.jpg","jetpack_sharing_enabled":true,"jetpack_likes_enabled":true,"amp_enabled":true,"_links":{"self":[{"href":"https:\/\/encuentroinformativo.com.mx\/index.php?rest_route=\/wp\/v2\/posts\/11354","targetHints":{"allow":["GET"]}}],"collection":[{"href":"https:\/\/encuentroinformativo.com.mx\/index.php?rest_route=\/wp\/v2\/posts"}],"about":[{"href":"https:\/\/encuentroinformativo.com.mx\/index.php?rest_route=\/wp\/v2\/types\/post"}],"author":[{"embeddable":true,"href":"https:\/\/encuentroinformativo.com.mx\/index.php?rest_route=\/wp\/v2\/users\/1"}],"replies":[{"embeddable":true,"href":"https:\/\/encuentroinformativo.com.mx\/index.php?rest_route=%2Fwp%2Fv2%2Fcomments&post=11354"}],"version-history":[{"count":1,"href":"https:\/\/encuentroinformativo.com.mx\/index.php?rest_route=\/wp\/v2\/posts\/11354\/revisions"}],"predecessor-version":[{"id":11355,"href":"https:\/\/encuentroinformativo.com.mx\/index.php?rest_route=\/wp\/v2\/posts\/11354\/revisions\/11355"}],"wp:featuredmedia":[{"embeddable":true,"href":"https:\/\/encuentroinformativo.com.mx\/index.php?rest_route=\/wp\/v2\/media\/70"}],"wp:attachment":[{"href":"https:\/\/encuentroinformativo.com.mx\/index.php?rest_route=%2Fwp%2Fv2%2Fmedia&parent=11354"}],"wp:term":[{"taxonomy":"category","embeddable":true,"href":"https:\/\/encuentroinformativo.com.mx\/index.php?rest_route=%2Fwp%2Fv2%2Fcategories&post=11354"},{"taxonomy":"post_tag","embeddable":true,"href":"https:\/\/encuentroinformativo.com.mx\/index.php?rest_route=%2Fwp%2Fv2%2Ftags&post=11354"}],"curies":[{"name":"wp","href":"https:\/\/api.w.org\/{rel}","templated":true}]}}