{"id":11356,"date":"2021-02-22T09:38:11","date_gmt":"2021-02-22T15:38:11","guid":{"rendered":"https:\/\/encuentroinformativo.com.mx\/?p=11356"},"modified":"2021-02-22T09:38:13","modified_gmt":"2021-02-22T15:38:13","slug":"sube-arely-baja-naveda","status":"publish","type":"post","link":"https:\/\/encuentroinformativo.com.mx\/?p=11356","title":{"rendered":"Sube Arely; baja Naveda"},"content":{"rendered":"\n<p><strong>Los Pol\u00edticos<\/strong><\/p>\n\n\n\n<p><strong>Salvador Mu\u00f1oz<\/strong><\/p>\n\n\n\n<p>Los arg\u00fcendes entre Esteban Ram\u00edrez Zepeta y Gonzalo Vincencio al parecer llevaron a Morena a distraerse en algunos ligeros detalles que vienen a dar al traste con las intenciones de los aspirantes a las candidaturas por los grupos internos de este partido, y un ejemplo de ello se da m\u00e1s que claro en Coatepec, donde la paridad de g\u00e9nero ya hizo&nbsp; sus travesuras.<\/p>\n\n\n\n<p>S\u00f3lo sirva como ejemplo lo siguiente: Desde hace meses estaba m\u00e1s que cantada la candidatura por la diputaci\u00f3n federal de Adri\u00e1n Gonz\u00e1lez Naveda, quiz\u00e1s porque conoce el teje y maneje de la C\u00e1mara Alta y la C\u00e1mara Baja, pues de all\u00e1 viene. \u00a1Vamos! La \u00fanica que pod\u00eda hacerle sombra era la diputada federal Carmen Mora Garc\u00eda, pero \u00e9sta, al final desisti\u00f3 en sus intenciones para darle paso a sus otras intenciones: impulsar la candidatura de su hijo, a quien de la noche a la ma\u00f1ana le salieron \u201clas ganas\u201d para aspirar a la silla municipal.<\/p>\n\n\n\n<p>Se insiste\u2026 no se sabe si de tanto relajo que se tra\u00edan los morenos al interior para ver qui\u00e9n habr\u00eda de decidir las candidaturas, dejaron pasar por alto, al menos en Coatepec, un ligero detalle: mover la paridad de g\u00e9nero cuando hab\u00eda tanto var\u00f3n quem\u00e1ndosele las habas por ser candidatos de los distritos en disputa.<\/p>\n\n\n\n<p>A quien no se le durmi\u00f3 el gallo fue al PT, quien no tiene mucho que nombr\u00f3 a Arely Bonilla como Coordinadora de Organizaci\u00f3n en el Distrito Federal 9 lo que le abre la puerta a esta coatepecana a participar como candidata a Diputada Federal, lo que lleva que Gonz\u00e1lez Naveda baje sus aspiraciones por una curul en el Palacio de Encanto. En otras palabras, si se mantiene esta hip\u00f3tesis, se estar\u00edan enfrentando Pepe Yunes contra Arely Bonilla\u2026<\/p>\n\n\n\n<p>En el caso de Naveda, es m\u00e1s complicado vislumbrar el escenario porque no ser\u00eda el \u00fanico aspirante a ese espacio en el Congreso local\u2026 tambi\u00e9n la quiere el regidor Nacho Luna y Luis Z\u00e1rate\u2026<\/p>\n\n\n\n<p>En Morena, si se da este escenario, muy aparte de las encuestas que presume el partido para sacar a su candidato, igual se tiene que contemplar el aspecto del Pinole (a ver qui\u00e9n traga m\u00e1s), porque enfrente, han de tener a Ever-Ardo Soto Matla, considerado el cacique de la regi\u00f3n\u2026 as\u00ed que, entre Naveda, Nacho Luna y Luis Z\u00e1rate, \u00bfa qui\u00e9n le ven tama\u00f1os para enfrentar al panista?<\/p>\n\n\n\n<p>Mientras le piensan en c\u00f3mo resolver la candidatura por la curul local, Arely Bonilla camina sola y se fortalece su figura\u2026 \u00a1ojo! el encuentro por la curul federal ser\u00e1 interesante, porque si bien, el apellido y figura de Pepe Yunes est\u00e1n asentados en Acajete, Altotonga, Ayahualulco, Coatepec, Xico, Las Vigas de Ram\u00edrez, Tlacolulan, Las Minas, Perote, Tlalnelhuayocan, Rafael Lucio, Tatatila, Cosautl\u00e1n de Carvajal, Ixhuac\u00e1n de los Reyes, Teocelo, y Villa Aldama, en la misma condici\u00f3n se encuentra la figura de Arely y su apellido.<\/p>\n\n\n\n<p>Otro tema que en Coatepec va tomando color, es la candidatura por la presidencia municipal\u2026 de acuerdo a los \u00faltimos sondeos, el diputado Raymundo Andrade se lleva en un 3 a 1 al hijo de la legisladora federal, Rigo.<\/p>\n\n\n\n<p>Coatepec es un ejemplo de que Morena estuvo m\u00e1s preocupado en sus guerras intestinas, colocando a uno y otro candidato, pero sin generar estrategia\u2026 ahora, la apuesta es y debe ser buscar a esos candidatos que les garanticen triunfos, votos, mantener las curules ganadas y ganar espacios\u2026 Coatepec es sin duda, un laboratorio interesante donde se espera se combine el trabajo de los diputados federal y local con las pretensiones de sus candidatos para dar el golpe certero en el Ayuntamiento\u2026 Arely, est\u00e1 puesta; Raymundo, igual\u2026 falta ver qu\u00e9 dice Naveda\u2026 o Nacho\u2026 o Luis Ronaldo&#8230;<\/p>\n\n\n\n<p><a href=\"mailto:smcainito@gmail.com\" target=\"_blank\" rel=\"noreferrer noopener\">smcainito@gmail.com<\/a>&nbsp;<\/p>\n","protected":false},"excerpt":{"rendered":"<p>Los Pol\u00edticos Salvador Mu\u00f1oz Los arg\u00fcendes entre Esteban Ram\u00edrez Zepeta y Gonzalo Vincencio al parecer llevaron a Morena a distraerse en algunos ligeros detalles que vienen a dar al traste con las intenciones de los aspirantes a las candidaturas por los grupos internos de este partido, y un ejemplo de ello se da m\u00e1s que [&hellip;]<\/p>\n","protected":false},"author":1,"featured_media":70,"comment_status":"open","ping_status":"open","sticky":false,"template":"","format":"standard","meta":{"_jetpack_memberships_contains_paid_content":false,"footnotes":""},"categories":[11],"tags":[],"class_list":["post-11356","post","type-post","status-publish","format-standard","has-post-thumbnail","hentry","category-opinion"],"jetpack_featured_media_url":"https:\/\/encuentroinformativo.com.mx\/wp-content\/uploads\/2020\/02\/opinion-invitado.jpg","jetpack_sharing_enabled":true,"jetpack_likes_enabled":true,"amp_enabled":true,"_links":{"self":[{"href":"https:\/\/encuentroinformativo.com.mx\/index.php?rest_route=\/wp\/v2\/posts\/11356","targetHints":{"allow":["GET"]}}],"collection":[{"href":"https:\/\/encuentroinformativo.com.mx\/index.php?rest_route=\/wp\/v2\/posts"}],"about":[{"href":"https:\/\/encuentroinformativo.com.mx\/index.php?rest_route=\/wp\/v2\/types\/post"}],"author":[{"embeddable":true,"href":"https:\/\/encuentroinformativo.com.mx\/index.php?rest_route=\/wp\/v2\/users\/1"}],"replies":[{"embeddable":true,"href":"https:\/\/encuentroinformativo.com.mx\/index.php?rest_route=%2Fwp%2Fv2%2Fcomments&post=11356"}],"version-history":[{"count":1,"href":"https:\/\/encuentroinformativo.com.mx\/index.php?rest_route=\/wp\/v2\/posts\/11356\/revisions"}],"predecessor-version":[{"id":11357,"href":"https:\/\/encuentroinformativo.com.mx\/index.php?rest_route=\/wp\/v2\/posts\/11356\/revisions\/11357"}],"wp:featuredmedia":[{"embeddable":true,"href":"https:\/\/encuentroinformativo.com.mx\/index.php?rest_route=\/wp\/v2\/media\/70"}],"wp:attachment":[{"href":"https:\/\/encuentroinformativo.com.mx\/index.php?rest_route=%2Fwp%2Fv2%2Fmedia&parent=11356"}],"wp:term":[{"taxonomy":"category","embeddable":true,"href":"https:\/\/encuentroinformativo.com.mx\/index.php?rest_route=%2Fwp%2Fv2%2Fcategories&post=11356"},{"taxonomy":"post_tag","embeddable":true,"href":"https:\/\/encuentroinformativo.com.mx\/index.php?rest_route=%2Fwp%2Fv2%2Ftags&post=11356"}],"curies":[{"name":"wp","href":"https:\/\/api.w.org\/{rel}","templated":true}]}}