{"id":11360,"date":"2021-02-22T12:25:59","date_gmt":"2021-02-22T18:25:59","guid":{"rendered":"https:\/\/encuentroinformativo.com.mx\/?p=11360"},"modified":"2021-02-22T12:26:06","modified_gmt":"2021-02-22T18:26:06","slug":"personal-de-salud-quienes-perdieron-la-vida-en-avionazo","status":"publish","type":"post","link":"https:\/\/encuentroinformativo.com.mx\/?p=11360","title":{"rendered":"Personal de salud, quienes perdieron la vida en avionazo"},"content":{"rendered":"\n<p><strong>Dar\u00edo Pale <\/strong><\/p>\n\n\n\n<p>Xalapa, Ver.- En su tradicional conferencia de prensa &#8220;ma\u00f1anera&#8221; el presidente de M\u00e9xico Andr\u00e9s Manuel L\u00f3pez Obrador despu\u00e9s de lamentar la muerte de los oficiales en el accidente a\u00e9reo de El Lencero, dio a conocer que quienes perdieron la vida, era personal de salud.<\/p>\n\n\n\n<p>Dio a conocer que se trataba de Adolfo Rivas Miranda, capit\u00e1n piloto avisador, originario de la Ciudad de M\u00e9xico,\u00a0Germ\u00e1n Gaboites Flores, teniente piloto avisador, originario de Celaya, Guanajuato; Gumaro Acosta Pe\u00f1a, mayor m\u00e9dico militar, originario de la Ciudad de M\u00e9xico, asimismo, Gustavo Rosas Valle, originario del municipio de Altotonga, Veracruz, quien era capit\u00e1n de Sanidad,\u00a0Armando Jovay Rodr\u00edguez Alfaro, de Ameca, Jalisco, se desempe\u00f1aba como teniente de Infanter\u00eda,\u00a0&#8220;nuestro abrazo con todo nuestro afecto a todos sus familiares&#8221;.<\/p>\n\n\n\n<p>Este domingo, la Defensa Nacional inform\u00f3 que aproximadamente a las 09:45 horas, la aeronave LearJet 45, matr\u00edcula 3912, de la Fuerza A\u00e9rea Mexicana, sufri\u00f3 un accidente al despegar del aeropuerto nacional \u201cEl Lencero\u201d, ubicado\u00a0en el municipio de Emiliano Zapata, adem\u00e1s confirm\u00f3 que en el acontecimiento, lamentablemente perdieron la vida 6 elementos militares.<\/p>\n\n\n\n<p>Finalmente defini\u00f3 que la Comisi\u00f3n Investigadora y Dictaminadora de Accidentes A\u00e9reos de la Secretar\u00eda y la Inspecci\u00f3n y Contralor\u00eda General del Ej\u00e9rcito y Fuerza A\u00e9rea, realizar\u00e1n los peritajes correspondientes para determinar las posibles causas que originaron el evento.<\/p>\n","protected":false},"excerpt":{"rendered":"<p>Dar\u00edo Pale Xalapa, Ver.- En su tradicional conferencia de prensa &#8220;ma\u00f1anera&#8221; el presidente de M\u00e9xico Andr\u00e9s Manuel L\u00f3pez Obrador despu\u00e9s de lamentar la muerte de los oficiales en el accidente a\u00e9reo de El Lencero, dio a conocer que quienes perdieron la vida, era personal de salud. Dio a conocer que se trataba de Adolfo Rivas [&hellip;]<\/p>\n","protected":false},"author":1,"featured_media":8198,"comment_status":"open","ping_status":"open","sticky":false,"template":"","format":"standard","meta":{"_jetpack_memberships_contains_paid_content":false,"footnotes":""},"categories":[12],"tags":[],"class_list":["post-11360","post","type-post","status-publish","format-standard","has-post-thumbnail","hentry","category-nacional"],"jetpack_featured_media_url":"https:\/\/encuentroinformativo.com.mx\/wp-content\/uploads\/2020\/11\/96905C65-53AC-41B2-95FC-B738E524F0EB.jpeg","jetpack_sharing_enabled":true,"jetpack_likes_enabled":true,"amp_enabled":true,"_links":{"self":[{"href":"https:\/\/encuentroinformativo.com.mx\/index.php?rest_route=\/wp\/v2\/posts\/11360","targetHints":{"allow":["GET"]}}],"collection":[{"href":"https:\/\/encuentroinformativo.com.mx\/index.php?rest_route=\/wp\/v2\/posts"}],"about":[{"href":"https:\/\/encuentroinformativo.com.mx\/index.php?rest_route=\/wp\/v2\/types\/post"}],"author":[{"embeddable":true,"href":"https:\/\/encuentroinformativo.com.mx\/index.php?rest_route=\/wp\/v2\/users\/1"}],"replies":[{"embeddable":true,"href":"https:\/\/encuentroinformativo.com.mx\/index.php?rest_route=%2Fwp%2Fv2%2Fcomments&post=11360"}],"version-history":[{"count":1,"href":"https:\/\/encuentroinformativo.com.mx\/index.php?rest_route=\/wp\/v2\/posts\/11360\/revisions"}],"predecessor-version":[{"id":11361,"href":"https:\/\/encuentroinformativo.com.mx\/index.php?rest_route=\/wp\/v2\/posts\/11360\/revisions\/11361"}],"wp:featuredmedia":[{"embeddable":true,"href":"https:\/\/encuentroinformativo.com.mx\/index.php?rest_route=\/wp\/v2\/media\/8198"}],"wp:attachment":[{"href":"https:\/\/encuentroinformativo.com.mx\/index.php?rest_route=%2Fwp%2Fv2%2Fmedia&parent=11360"}],"wp:term":[{"taxonomy":"category","embeddable":true,"href":"https:\/\/encuentroinformativo.com.mx\/index.php?rest_route=%2Fwp%2Fv2%2Fcategories&post=11360"},{"taxonomy":"post_tag","embeddable":true,"href":"https:\/\/encuentroinformativo.com.mx\/index.php?rest_route=%2Fwp%2Fv2%2Ftags&post=11360"}],"curies":[{"name":"wp","href":"https:\/\/api.w.org\/{rel}","templated":true}]}}