{"id":11362,"date":"2021-02-22T12:44:06","date_gmt":"2021-02-22T18:44:06","guid":{"rendered":"https:\/\/encuentroinformativo.com.mx\/?p=11362"},"modified":"2021-02-22T12:44:09","modified_gmt":"2021-02-22T18:44:09","slug":"militares-resguardan-la-zona-continua-peritaje-por-avionazo-en-el-lencero","status":"publish","type":"post","link":"https:\/\/encuentroinformativo.com.mx\/?p=11362","title":{"rendered":"Militares resguardan la zona, contin\u00faa peritaje por avionazo en El Lencero"},"content":{"rendered":"\n<p><strong>Juan Arcos<\/strong><\/p>\n\n\n\n<p>Xalapa, Ver.- Los peritajes por el desplome de la aeronave LearJet 45 de la Fuerza A\u00e9rea Mexicana (FAM) en la localidad El Lencero, municipio de Emiliano Zapata, podr\u00edan prolongarse hasta una semana.<\/p>\n\n\n\n<p>En un recorrido realizado en la zona se constat\u00f3 que el per\u00edmetro contin\u00faa acordonado y es resguardado por elementos del Ej\u00e9rcito Mexicano, donde tambi\u00e9n se encuentra personal de la Fiscal\u00eda General del Estado (FGE) que realiza las diligencias correspondientes.<\/p>\n\n\n\n<p>La Secretar\u00eda de la Defensa Nacional (Sedena) confirm\u00f3 que los seis elementos que viajaban a bordo de la avioneta fallecieron en el accidente.<\/p>\n\n\n\n<p>El avi\u00f3n, con matr\u00edcula 3912, se desplom\u00f3 a las 9:45 del domingo. El reporte de Sedena indic\u00f3 que apenas hab\u00eda despegado, sufri\u00f3 un accidente y cay\u00f3 al final de la pista de aterrizaje del Aeropuerto Internacional de El Lencero.<\/p>\n\n\n\n<p>La aeronave cay\u00f3 sobre sembrad\u00edos de calabaza, a un costado de la zona de ca\u00f1ales y de un beneficio de caf\u00e9. Esto sucedi\u00f3 aproximadamente a dos kil\u00f3metros de la carretera federal Xalapa-Veracruz, entre caminos rurales que conducen a la Academia de Polic\u00eda de El Lencero.<\/p>\n\n\n\n<p>Ramiro L\u00f3pez L\u00f3pez, propietario de una parcela de El Lencero, escuch\u00f3 el impacto de la aeronave, una explosi\u00f3n y alcanz\u00f3 a ver una nube de humo negro a varios metros de distancia.<\/p>\n\n\n\n<p>\u201cSe oy\u00f3 qu\u00e9 iba amarr\u00e1ndose las llantas y el golpe. No le dio la pista, yo creo, pensamos que siempre patinan las llantas, pero despu\u00e9s fue el golpe y se vio el humo\u201d, record\u00f3.<\/p>\n\n\n\n<p>Los restos del avi\u00f3n permanecer\u00e1n en el lugar por tiempo indefinido, hasta que hayan concluido los peritajes correspondientes para conocer qu\u00e9 ocasion\u00f3 el accidente.<\/p>\n","protected":false},"excerpt":{"rendered":"<p>Juan Arcos Xalapa, Ver.- Los peritajes por el desplome de la aeronave LearJet 45 de la Fuerza A\u00e9rea Mexicana (FAM) en la localidad El Lencero, municipio de Emiliano Zapata, podr\u00edan prolongarse hasta una semana. En un recorrido realizado en la zona se constat\u00f3 que el per\u00edmetro contin\u00faa acordonado y es resguardado por elementos del Ej\u00e9rcito [&hellip;]<\/p>\n","protected":false},"author":1,"featured_media":11363,"comment_status":"open","ping_status":"open","sticky":false,"template":"","format":"standard","meta":{"_jetpack_memberships_contains_paid_content":false,"footnotes":""},"categories":[8],"tags":[],"class_list":["post-11362","post","type-post","status-publish","format-standard","has-post-thumbnail","hentry","category-region"],"jetpack_featured_media_url":"https:\/\/encuentroinformativo.com.mx\/wp-content\/uploads\/2021\/02\/F78590F3-D855-438E-8667-3C06216791FB.jpeg","jetpack_sharing_enabled":true,"jetpack_likes_enabled":true,"amp_enabled":true,"_links":{"self":[{"href":"https:\/\/encuentroinformativo.com.mx\/index.php?rest_route=\/wp\/v2\/posts\/11362","targetHints":{"allow":["GET"]}}],"collection":[{"href":"https:\/\/encuentroinformativo.com.mx\/index.php?rest_route=\/wp\/v2\/posts"}],"about":[{"href":"https:\/\/encuentroinformativo.com.mx\/index.php?rest_route=\/wp\/v2\/types\/post"}],"author":[{"embeddable":true,"href":"https:\/\/encuentroinformativo.com.mx\/index.php?rest_route=\/wp\/v2\/users\/1"}],"replies":[{"embeddable":true,"href":"https:\/\/encuentroinformativo.com.mx\/index.php?rest_route=%2Fwp%2Fv2%2Fcomments&post=11362"}],"version-history":[{"count":1,"href":"https:\/\/encuentroinformativo.com.mx\/index.php?rest_route=\/wp\/v2\/posts\/11362\/revisions"}],"predecessor-version":[{"id":11364,"href":"https:\/\/encuentroinformativo.com.mx\/index.php?rest_route=\/wp\/v2\/posts\/11362\/revisions\/11364"}],"wp:featuredmedia":[{"embeddable":true,"href":"https:\/\/encuentroinformativo.com.mx\/index.php?rest_route=\/wp\/v2\/media\/11363"}],"wp:attachment":[{"href":"https:\/\/encuentroinformativo.com.mx\/index.php?rest_route=%2Fwp%2Fv2%2Fmedia&parent=11362"}],"wp:term":[{"taxonomy":"category","embeddable":true,"href":"https:\/\/encuentroinformativo.com.mx\/index.php?rest_route=%2Fwp%2Fv2%2Fcategories&post=11362"},{"taxonomy":"post_tag","embeddable":true,"href":"https:\/\/encuentroinformativo.com.mx\/index.php?rest_route=%2Fwp%2Fv2%2Ftags&post=11362"}],"curies":[{"name":"wp","href":"https:\/\/api.w.org\/{rel}","templated":true}]}}