{"id":11378,"date":"2021-02-22T14:21:50","date_gmt":"2021-02-22T20:21:50","guid":{"rendered":"https:\/\/encuentroinformativo.com.mx\/?p=11378"},"modified":"2021-02-22T14:22:21","modified_gmt":"2021-02-22T20:22:21","slug":"joven-se-quita-la-vida-al-interior-del-ex-penal-de-allende","status":"publish","type":"post","link":"https:\/\/encuentroinformativo.com.mx\/?p=11378","title":{"rendered":"Joven se quita la vida al interior del ex penal de Allende"},"content":{"rendered":"\n<p><strong>Alejandro \u00c1vila<\/strong><\/p>\n\n\n\n<p>Veracruz, Ver.- Un joven de entre 25 y 30 a\u00f1os de edad se quit\u00f3 la vida al interior del ex penal Ignacio Allende ubicado en la calle del mismo nombre en la ciudad de Veracruz.<\/p>\n\n\n\n<p>Cabe recordar que desde que inici\u00f3 la actual administraci\u00f3n municipal y debido a los diversas denuncias de robos o intento de violaci\u00f3n en la zona, el alcalde Fernando Yunes M\u00e1rquez solicit\u00f3 el cierre definitivo de todos los accesos; sin embargo diversas personas que durante a\u00f1os vivieron ah\u00ed encontraron las formas de entrar.<\/p>\n\n\n\n<p>\u201cLas \u00fanicas partes donde tenemos el supuesto de que pudo haber ingresado, es por donde era el Juzgado Tercero, o por aqu\u00ed por la parte alta de 72 horas, pues se ven los tubos volados, queremos pensar que por ah\u00ed fue el ingreso, porque como ustedes pueden apreciarlo a simple vista, tenemos ya casi el cien por ciento tapeado con blocks todos los ingresos del penal\u201d, se\u00f1al\u00f3 Raymundo Eliseo Parra M\u00e1rquez, sub director de Gobernaci\u00f3n.<\/p>\n\n\n\n<p>El reporte, explic\u00f3 el personal de la direcci\u00f3n de Gobernaci\u00f3n Municipal lo dio directamente la Polic\u00eda Naval, quien explic\u00f3 se ten\u00eda a la vista una persona en la planta alta del lugar, donde se apreciaba por la ventana que se habr\u00eda quitado la vida.<\/p>\n\n\n\n<p>\u201cS\u00ed tenemos los rasgos f\u00edsicos, los fision\u00f3mico, lo referente a una persona de mediana estatura, el un joven de aproximadamente, le calculamos 25 a 30 a\u00f1os, tez morena, ya en otras ocasiones nos hab\u00eda tocado platicar con \u00e9l, desgraciadamente por lo que se aprecia hab\u00eda unos envases ah\u00ed de bebida, lo que se dice caguama de cerveza, una mesa en la cual se ve que estaba recargado\u201d, detall\u00f3 Parra M\u00e1rquez.<\/p>\n\n\n\n<p>Finalmente, mencion\u00f3 que desde que iniciaron a cerrar el lugar, a todas las personas que viv\u00edan en el ex penal de Allende se les invit\u00f3 a ir a los albergues del DIF, para darles comida, alojamiento y pudieran cumplir con su higiene, pero pocos de ellos aceptaron la ayuda.<\/p>\n","protected":false},"excerpt":{"rendered":"<p>Alejandro \u00c1vila Veracruz, Ver.- Un joven de entre 25 y 30 a\u00f1os de edad se quit\u00f3 la vida al interior del ex penal Ignacio Allende ubicado en la calle del mismo nombre en la ciudad de Veracruz. Cabe recordar que desde que inici\u00f3 la actual administraci\u00f3n municipal y debido a los diversas denuncias de robos [&hellip;]<\/p>\n","protected":false},"author":1,"featured_media":11379,"comment_status":"open","ping_status":"open","sticky":false,"template":"","format":"standard","meta":{"_jetpack_memberships_contains_paid_content":false,"footnotes":""},"categories":[14],"tags":[],"class_list":["post-11378","post","type-post","status-publish","format-standard","has-post-thumbnail","hentry","category-policiaca"],"jetpack_featured_media_url":"https:\/\/encuentroinformativo.com.mx\/wp-content\/uploads\/2021\/02\/7E5CD12C-E437-4323-9167-EFC3BAD45DB6.jpeg","jetpack_sharing_enabled":true,"jetpack_likes_enabled":true,"amp_enabled":true,"_links":{"self":[{"href":"https:\/\/encuentroinformativo.com.mx\/index.php?rest_route=\/wp\/v2\/posts\/11378","targetHints":{"allow":["GET"]}}],"collection":[{"href":"https:\/\/encuentroinformativo.com.mx\/index.php?rest_route=\/wp\/v2\/posts"}],"about":[{"href":"https:\/\/encuentroinformativo.com.mx\/index.php?rest_route=\/wp\/v2\/types\/post"}],"author":[{"embeddable":true,"href":"https:\/\/encuentroinformativo.com.mx\/index.php?rest_route=\/wp\/v2\/users\/1"}],"replies":[{"embeddable":true,"href":"https:\/\/encuentroinformativo.com.mx\/index.php?rest_route=%2Fwp%2Fv2%2Fcomments&post=11378"}],"version-history":[{"count":1,"href":"https:\/\/encuentroinformativo.com.mx\/index.php?rest_route=\/wp\/v2\/posts\/11378\/revisions"}],"predecessor-version":[{"id":11380,"href":"https:\/\/encuentroinformativo.com.mx\/index.php?rest_route=\/wp\/v2\/posts\/11378\/revisions\/11380"}],"wp:featuredmedia":[{"embeddable":true,"href":"https:\/\/encuentroinformativo.com.mx\/index.php?rest_route=\/wp\/v2\/media\/11379"}],"wp:attachment":[{"href":"https:\/\/encuentroinformativo.com.mx\/index.php?rest_route=%2Fwp%2Fv2%2Fmedia&parent=11378"}],"wp:term":[{"taxonomy":"category","embeddable":true,"href":"https:\/\/encuentroinformativo.com.mx\/index.php?rest_route=%2Fwp%2Fv2%2Fcategories&post=11378"},{"taxonomy":"post_tag","embeddable":true,"href":"https:\/\/encuentroinformativo.com.mx\/index.php?rest_route=%2Fwp%2Fv2%2Ftags&post=11378"}],"curies":[{"name":"wp","href":"https:\/\/api.w.org\/{rel}","templated":true}]}}