{"id":11381,"date":"2021-02-22T14:35:36","date_gmt":"2021-02-22T20:35:36","guid":{"rendered":"https:\/\/encuentroinformativo.com.mx\/?p=11381"},"modified":"2021-02-22T14:35:38","modified_gmt":"2021-02-22T20:35:38","slug":"localizan-persona-embolsada-en-medellin-de-bravo","status":"publish","type":"post","link":"https:\/\/encuentroinformativo.com.mx\/?p=11381","title":{"rendered":"Localizan persona embolsada en Medell\u00edn de Bravo"},"content":{"rendered":"\n<p><strong>Alejandro \u00c1vila<\/strong><\/p>\n\n\n\n<p>Medell\u00edn de Bravo, Ver.- La madrugada de este lunes fue reportado al 911 el cuerpo de una persona embolsada en la carretera El Tejar &#8211; Atrac\u00f3n del municipio de Medell\u00edn de Bravo.<\/p>\n\n\n\n<p>Las autoridades correspondientes realizaron el acordonamiento del \u00e1rea a su llegada e iniciaron una movilizaci\u00f3n por la zona.<\/p>\n\n\n\n<p>La Polic\u00eda Municipal y Guardia Nacional confirmaron se trataba del cuerpo de una persona sin vida, comenzando as\u00ed la investigaciones del caso.<\/p>\n\n\n\n<p>M\u00e1s tarde, acudieron al lugar detectives de las Polic\u00eda Ministerial y de Servicios Periciales quienes confirmaron el cuerpo se trataba de un masculino que fue llevado posteriormente al Servicio de Medicina Forense en Boca del R\u00edo.<\/p>\n\n\n\n<p>Al cuerpo se le realizar\u00e1 la necropsia correspondiente para determinar las causas de la muerte, se espera pronto pueda acudier familia a reconocer el cuerpo que ahora permanece como desconocido.<\/p>\n","protected":false},"excerpt":{"rendered":"<p>Alejandro \u00c1vila Medell\u00edn de Bravo, Ver.- La madrugada de este lunes fue reportado al 911 el cuerpo de una persona embolsada en la carretera El Tejar &#8211; Atrac\u00f3n del municipio de Medell\u00edn de Bravo. Las autoridades correspondientes realizaron el acordonamiento del \u00e1rea a su llegada e iniciaron una movilizaci\u00f3n por la zona. La Polic\u00eda Municipal [&hellip;]<\/p>\n","protected":false},"author":1,"featured_media":11382,"comment_status":"open","ping_status":"open","sticky":false,"template":"","format":"standard","meta":{"_jetpack_memberships_contains_paid_content":false,"footnotes":""},"categories":[14],"tags":[],"class_list":["post-11381","post","type-post","status-publish","format-standard","has-post-thumbnail","hentry","category-policiaca"],"jetpack_featured_media_url":"https:\/\/encuentroinformativo.com.mx\/wp-content\/uploads\/2021\/02\/66D74804-8620-449D-B149-E6DE1926D3D3.jpeg","jetpack_sharing_enabled":true,"jetpack_likes_enabled":true,"amp_enabled":true,"_links":{"self":[{"href":"https:\/\/encuentroinformativo.com.mx\/index.php?rest_route=\/wp\/v2\/posts\/11381","targetHints":{"allow":["GET"]}}],"collection":[{"href":"https:\/\/encuentroinformativo.com.mx\/index.php?rest_route=\/wp\/v2\/posts"}],"about":[{"href":"https:\/\/encuentroinformativo.com.mx\/index.php?rest_route=\/wp\/v2\/types\/post"}],"author":[{"embeddable":true,"href":"https:\/\/encuentroinformativo.com.mx\/index.php?rest_route=\/wp\/v2\/users\/1"}],"replies":[{"embeddable":true,"href":"https:\/\/encuentroinformativo.com.mx\/index.php?rest_route=%2Fwp%2Fv2%2Fcomments&post=11381"}],"version-history":[{"count":1,"href":"https:\/\/encuentroinformativo.com.mx\/index.php?rest_route=\/wp\/v2\/posts\/11381\/revisions"}],"predecessor-version":[{"id":11383,"href":"https:\/\/encuentroinformativo.com.mx\/index.php?rest_route=\/wp\/v2\/posts\/11381\/revisions\/11383"}],"wp:featuredmedia":[{"embeddable":true,"href":"https:\/\/encuentroinformativo.com.mx\/index.php?rest_route=\/wp\/v2\/media\/11382"}],"wp:attachment":[{"href":"https:\/\/encuentroinformativo.com.mx\/index.php?rest_route=%2Fwp%2Fv2%2Fmedia&parent=11381"}],"wp:term":[{"taxonomy":"category","embeddable":true,"href":"https:\/\/encuentroinformativo.com.mx\/index.php?rest_route=%2Fwp%2Fv2%2Fcategories&post=11381"},{"taxonomy":"post_tag","embeddable":true,"href":"https:\/\/encuentroinformativo.com.mx\/index.php?rest_route=%2Fwp%2Fv2%2Ftags&post=11381"}],"curies":[{"name":"wp","href":"https:\/\/api.w.org\/{rel}","templated":true}]}}