{"id":11384,"date":"2021-02-22T14:44:52","date_gmt":"2021-02-22T20:44:52","guid":{"rendered":"https:\/\/encuentroinformativo.com.mx\/?p=11384"},"modified":"2021-02-22T14:44:54","modified_gmt":"2021-02-22T20:44:54","slug":"movimiento-ciudadano-abre-sus-puertas-a-raul-arias","status":"publish","type":"post","link":"https:\/\/encuentroinformativo.com.mx\/?p=11384","title":{"rendered":"Movimiento Ciudadano abre sus puertas a Ra\u00fal Arias"},"content":{"rendered":"\n<p><strong>Juan Arcos <\/strong><\/p>\n\n\n\n<p>Xalapa, Ver.- El exrector de la Universidad Veracruzana (UV), Ra\u00fal Arias Lovillo, fue invitado por el partido Movimiento Ciudadano (MC) para encabezar la candidatura a la alcald\u00eda de Xalapa.<\/p>\n\n\n\n<p>El economista hab\u00eda anunciado que declinar\u00eda a la candidatura independiente por los estrictos requisitos que ha impuesto el Organismo P\u00fablico Local Electoral (OPLE), como recolectar el 3 por ciento de las firmas del padr\u00f3n electoral.<\/p>\n\n\n\n<p>Por tal motivo, MC envi\u00f3 una carta a Arias Lovillo, firmada por el coordinador estatal Sergio Gil Rull\u00e1n, legisladores y precandidatos, donde se le pide representar a dicho partido pol\u00edtico en la contienda electoral del pr\u00f3ximo 6 de junio.<\/p>\n\n\n\n<p>\u201cQueremos abrirle las puertas de nuestro Movimiento para que juntos logremos darle a los xalape\u00f1os una opci\u00f3n ciudadana diferente. En un ejercicio que lleve de la mano una candidatura ciudadana y una planilla ciudadana que verdaderamente represente a la capital y a su gente\u201d.<\/p>\n\n\n\n<p>Este partido dijo confiar en las candidaturas independientes, pues fueron propuestas por Movimiento Ciudadano desde el a\u00f1o 2007. Incluso, el 13 de septiembre de 2013, los legisladores votaron a favor de su creaci\u00f3n en el Congreso de la Uni\u00f3n.<\/p>\n\n\n\n<p>\u201cSon una herramienta fundamental de la democracia participativa, lamentablemente los partidos tradicionales las llenaron de obst\u00e1culos y las sobre reglamentaron, lo que las vuelve dif\u00edciles de alcanzar y en el caso de alcanzarlas las pone en una terrible inequidad en la contienda\u201d, se lee en el documento.<\/p>\n\n\n\n<p>Tambi\u00e9n se mencion\u00f3 que Movimiento Ciudadano reform\u00f3 sus estatutos desde el a\u00f1o 2011, para abrir hasta el 100 por ciento de sus candidaturas y as\u00ed ponerlas al servicio de la sociedad y de ciudadanos sin militancia ni afiliaci\u00f3n partidista, pero si con una trayectoria personal reconocida y una historia de vida a favor de los dem\u00e1s.<\/p>\n\n\n\n<p>\u201cHemos seguido de cerca los logros alcanzados por la Plataforma Ciudadana que usted impulsa; reconocemos que su propuesta representa un proyecto de futuro para el municipio de Xalapa. Apreciamos en su trabajo, en sus ideas y en su pasi\u00f3n las mismas motivaciones que nos mueven como fuerza pol\u00edtica\u201d, le insisten a Arias Lovillo.<\/p>\n\n\n\n<p>Tambi\u00e9n le enfatizaron que puede tener la seguridad de que en Movimiento Ciudadano tendr\u00e1 toda la libertad para construir un proyecto sin cuotas y con la autonom\u00eda necesaria para integrar un gobierno con los mejores hombres y mujeres que requiere el municipio.<\/p>\n","protected":false},"excerpt":{"rendered":"<p>Juan Arcos Xalapa, Ver.- El exrector de la Universidad Veracruzana (UV), Ra\u00fal Arias Lovillo, fue invitado por el partido Movimiento Ciudadano (MC) para encabezar la candidatura a la alcald\u00eda de Xalapa. El economista hab\u00eda anunciado que declinar\u00eda a la candidatura independiente por los estrictos requisitos que ha impuesto el Organismo P\u00fablico Local Electoral (OPLE), como [&hellip;]<\/p>\n","protected":false},"author":1,"featured_media":11385,"comment_status":"open","ping_status":"open","sticky":false,"template":"","format":"standard","meta":{"_jetpack_memberships_contains_paid_content":false,"footnotes":""},"categories":[3],"tags":[],"class_list":["post-11384","post","type-post","status-publish","format-standard","has-post-thumbnail","hentry","category-xalapa"],"jetpack_featured_media_url":"https:\/\/encuentroinformativo.com.mx\/wp-content\/uploads\/2021\/02\/F8285EC7-CC0A-4BE9-9005-36B42E418433.jpeg","jetpack_sharing_enabled":true,"jetpack_likes_enabled":true,"amp_enabled":true,"_links":{"self":[{"href":"https:\/\/encuentroinformativo.com.mx\/index.php?rest_route=\/wp\/v2\/posts\/11384","targetHints":{"allow":["GET"]}}],"collection":[{"href":"https:\/\/encuentroinformativo.com.mx\/index.php?rest_route=\/wp\/v2\/posts"}],"about":[{"href":"https:\/\/encuentroinformativo.com.mx\/index.php?rest_route=\/wp\/v2\/types\/post"}],"author":[{"embeddable":true,"href":"https:\/\/encuentroinformativo.com.mx\/index.php?rest_route=\/wp\/v2\/users\/1"}],"replies":[{"embeddable":true,"href":"https:\/\/encuentroinformativo.com.mx\/index.php?rest_route=%2Fwp%2Fv2%2Fcomments&post=11384"}],"version-history":[{"count":1,"href":"https:\/\/encuentroinformativo.com.mx\/index.php?rest_route=\/wp\/v2\/posts\/11384\/revisions"}],"predecessor-version":[{"id":11386,"href":"https:\/\/encuentroinformativo.com.mx\/index.php?rest_route=\/wp\/v2\/posts\/11384\/revisions\/11386"}],"wp:featuredmedia":[{"embeddable":true,"href":"https:\/\/encuentroinformativo.com.mx\/index.php?rest_route=\/wp\/v2\/media\/11385"}],"wp:attachment":[{"href":"https:\/\/encuentroinformativo.com.mx\/index.php?rest_route=%2Fwp%2Fv2%2Fmedia&parent=11384"}],"wp:term":[{"taxonomy":"category","embeddable":true,"href":"https:\/\/encuentroinformativo.com.mx\/index.php?rest_route=%2Fwp%2Fv2%2Fcategories&post=11384"},{"taxonomy":"post_tag","embeddable":true,"href":"https:\/\/encuentroinformativo.com.mx\/index.php?rest_route=%2Fwp%2Fv2%2Ftags&post=11384"}],"curies":[{"name":"wp","href":"https:\/\/api.w.org\/{rel}","templated":true}]}}