{"id":11388,"date":"2021-02-22T14:52:45","date_gmt":"2021-02-22T20:52:45","guid":{"rendered":"https:\/\/encuentroinformativo.com.mx\/?p=11388"},"modified":"2021-02-22T14:55:03","modified_gmt":"2021-02-22T20:55:03","slug":"por-mal-uso-de-padron-cesan-a-funcionaria-en-alvarado","status":"publish","type":"post","link":"https:\/\/encuentroinformativo.com.mx\/?p=11388","title":{"rendered":"Por mal uso de padr\u00f3n, cesan a funcionaria en Alvarado"},"content":{"rendered":"\n<p><strong>Alejandro \u00c1vila<\/strong><\/p>\n\n\n\n<p>Alvarado, Ver.- Maritza Solano Zamudio fue cesada del cargo de directora de Comercio en el municipio de Alvarado por presuntamente haber realizado un mal uso del padr\u00f3n de empresarios.<\/p>\n\n\n\n<p>En comunicado, el Ayuntamiento de Alvarado informa que la ahora ex funcionaria promovi\u00f3 un supuesto programa de cr\u00e9ditos a micro empresarios, que supuestamente dar\u00eda la Secretar\u00eda de Econom\u00eda del Gobierno Federal.<\/p>\n\n\n\n<p>Esta acci\u00f3n, se detalla, la realiz\u00f3 sin la autorizaci\u00f3n del alcalde Bogar Ruiz Rosas, y sin darle conocimiento a la direcci\u00f3n de Proyectos; por lo que el municipio se deslinda de toda informaci\u00f3n que los comerciantes hayan dado a esta ex servidora p\u00fablica, y en caso de requerirlo podr\u00edan denunciarla penalmente, por un presunto mal uso que pueda dar a su informaci\u00f3n.<\/p>\n\n\n\n<p>Seg\u00fan datos recabados, la ex funcionaria p\u00fablica acudi\u00f3 a diversos comercios afectados por la pandemia de COVID-19 a ofrecer cr\u00e9ditos de Gobierno Federal.<\/p>\n\n\n\n<p>En pr\u00f3ximos d\u00edas, se anuncio, ser\u00e1 informado quien tomar\u00e1 su lugar en la direcci\u00f3n de Comercio del municipio de Alvarado.<\/p>\n","protected":false},"excerpt":{"rendered":"<p>Alejandro \u00c1vila Alvarado, Ver.- Maritza Solano Zamudio fue cesada del cargo de directora de Comercio en el municipio de Alvarado por presuntamente haber realizado un mal uso del padr\u00f3n de empresarios. En comunicado, el Ayuntamiento de Alvarado informa que la ahora ex funcionaria promovi\u00f3 un supuesto programa de cr\u00e9ditos a micro empresarios, que supuestamente dar\u00eda [&hellip;]<\/p>\n","protected":false},"author":1,"featured_media":11391,"comment_status":"open","ping_status":"open","sticky":false,"template":"","format":"standard","meta":{"_jetpack_memberships_contains_paid_content":false,"footnotes":""},"categories":[2],"tags":[],"class_list":["post-11388","post","type-post","status-publish","format-standard","has-post-thumbnail","hentry","category-estado"],"jetpack_featured_media_url":"https:\/\/encuentroinformativo.com.mx\/wp-content\/uploads\/2021\/02\/2C0F2453-FBDF-4FCF-95AA-4052725A80A2.jpeg","jetpack_sharing_enabled":true,"jetpack_likes_enabled":true,"amp_enabled":true,"_links":{"self":[{"href":"https:\/\/encuentroinformativo.com.mx\/index.php?rest_route=\/wp\/v2\/posts\/11388","targetHints":{"allow":["GET"]}}],"collection":[{"href":"https:\/\/encuentroinformativo.com.mx\/index.php?rest_route=\/wp\/v2\/posts"}],"about":[{"href":"https:\/\/encuentroinformativo.com.mx\/index.php?rest_route=\/wp\/v2\/types\/post"}],"author":[{"embeddable":true,"href":"https:\/\/encuentroinformativo.com.mx\/index.php?rest_route=\/wp\/v2\/users\/1"}],"replies":[{"embeddable":true,"href":"https:\/\/encuentroinformativo.com.mx\/index.php?rest_route=%2Fwp%2Fv2%2Fcomments&post=11388"}],"version-history":[{"count":1,"href":"https:\/\/encuentroinformativo.com.mx\/index.php?rest_route=\/wp\/v2\/posts\/11388\/revisions"}],"predecessor-version":[{"id":11390,"href":"https:\/\/encuentroinformativo.com.mx\/index.php?rest_route=\/wp\/v2\/posts\/11388\/revisions\/11390"}],"wp:featuredmedia":[{"embeddable":true,"href":"https:\/\/encuentroinformativo.com.mx\/index.php?rest_route=\/wp\/v2\/media\/11391"}],"wp:attachment":[{"href":"https:\/\/encuentroinformativo.com.mx\/index.php?rest_route=%2Fwp%2Fv2%2Fmedia&parent=11388"}],"wp:term":[{"taxonomy":"category","embeddable":true,"href":"https:\/\/encuentroinformativo.com.mx\/index.php?rest_route=%2Fwp%2Fv2%2Fcategories&post=11388"},{"taxonomy":"post_tag","embeddable":true,"href":"https:\/\/encuentroinformativo.com.mx\/index.php?rest_route=%2Fwp%2Fv2%2Ftags&post=11388"}],"curies":[{"name":"wp","href":"https:\/\/api.w.org\/{rel}","templated":true}]}}