{"id":11399,"date":"2021-02-22T20:58:38","date_gmt":"2021-02-23T02:58:38","guid":{"rendered":"https:\/\/encuentroinformativo.com.mx\/?p=11399"},"modified":"2021-02-22T20:58:41","modified_gmt":"2021-02-23T02:58:41","slug":"declinan-7-aspirantes-independientes-a-la-contienda","status":"publish","type":"post","link":"https:\/\/encuentroinformativo.com.mx\/?p=11399","title":{"rendered":"Declinan 7 aspirantes independientes a la contienda"},"content":{"rendered":"\n<p><strong>Juan Arcos<\/strong> <\/p>\n\n\n\n<p>Xalapa, Ver.- El Organismo P\u00fablico Local Electoral (OPLE) report\u00f3 que siete personas declinaron a su aspiraci\u00f3n como candidatos independientes a presidencias municipales en el estado de Veracruz.<\/p>\n\n\n\n<p>Entre ellos, se encuentran Antonio Frutis Montes de Oca y Juan Escobar Salazar, aspirantes a la alcald\u00eda de Xalapa, as\u00ed como tambi\u00e9n, Jos\u00e9 Ernesto Landeros Velazco, a la presidencia municipal de Poza Rica.<\/p>\n\n\n\n<p>En la lista del OPLE, tambi\u00e9n dejaron de aparecer los nombres de Ernesto Hern\u00e1ndez Morales por Xalapa, Mario Calihua Panzo por Tehuipango, Luna Linares Torrecilla Guzm\u00e1n por C\u00f3rdoba y V\u00edctor S\u00e1nchez Xotlanihua por Iztaczoquitl\u00e1n.<\/p>\n\n\n\n<p>Cabe recordar que Ra\u00fal Arias Lovillo, aspirante a la alcald\u00eda de Xalapa, anunci\u00f3 en redes sociales que se retirar\u00eda de la contienda electoral, toda vez que el OPLE exige recabar la firma del 3 por ciento de los electores inscritos en la lista nominal, en poco tiempo.<\/p>\n\n\n\n<p>\u201cNo ser\u00e1 posible llegar a la meta establecida, las barreras insalvables que se ponen a las candidaturas independientes son evidentes. Habremos de anteponer nuestra queja formal ante instancias correspondientes para que cambie la legislaci\u00f3n vigente\u201d, se lee en uno de sus twits.<\/p>\n\n\n\n<p>El OPLE a\u00fan no ha confirmado la salida de Arias Lovillo en la lista de aspirantes a candidaturas independientes para la votaci\u00f3n del pr\u00f3ximo 6 de junio.<\/p>\n\n\n\n<p>El pasado 3 de febrero, un grupo de aspirantes a candidaturas independientes protest\u00f3 afuera del OPLE, para exigir la ampliaci\u00f3n del plazo que les permita recabar firmas y obtener las candidaturas.<\/p>\n\n\n\n<p>Los aspirantes a estas candidaturas ten\u00edan que presentar 13 mil 855 firmas de apoyo, situaci\u00f3n que consideraron excesiva y complicada, debido a que algunos electores no acced\u00edan a tomarse la fotograf\u00eda para cumplir los requisitos en la captaci\u00f3n de firmas.<\/p>\n\n\n\n<p>Sin embargo, el plazo para presentarlas era el 22 de febrero y, recientemente, el Consejo General del OPLE someti\u00f3 a votaci\u00f3n y neg\u00f3 ampliar 30 d\u00edas m\u00e1s -hasta el pr\u00f3ximo 25 de marzo- el periodo para la captaci\u00f3n de las firmas de apoyo.\u00a0<br>Sin embargo, los magistrados del Tribunal Electoral del Estado de Veracruz (TEV) acordaron ampliar el plazo hasta el pr\u00f3ximo 28 de febrero.<\/p>\n\n\n\n<p>Cabe recordar que a nivel estatal hab\u00edan sido registrados 27 aspirantes a candidaturas independientes: 25 para alcald\u00edas y dos diputaciones locales.<\/p>\n\n\n\n<p>El Organismo P\u00fablico Local Electoral (OPLE) report\u00f3 que siete personas declinaron a su aspiraci\u00f3n como candidatos independientes a presidencias municipales en el estado de Veracruz.<\/p>\n\n\n\n<p>Entre ellos, se encuentran Antonio Frutis Montes de Oca y Juan Escobar Salazar, aspirantes a la alcald\u00eda de Xalapa, as\u00ed como tambi\u00e9n, Jos\u00e9 Ernesto Landeros Velazco, a la presidencia municipal de Poza Rica.<\/p>\n\n\n\n<p>En la lista del OPLE, tambi\u00e9n dejaron de aparecer los nombres de Ernesto Hern\u00e1ndez Morales por Xalapa, Mario Calihua Panzo por Tehuipango, Luna Linares Torrecilla Guzm\u00e1n por C\u00f3rdoba y V\u00edctor S\u00e1nchez Xotlanihua por Iztaczoquitl\u00e1n.<\/p>\n\n\n\n<p>Cabe recordar que Ra\u00fal Arias Lovillo, aspirante a la alcald\u00eda de Xalapa, anunci\u00f3 en redes sociales que se retirar\u00eda de la contienda electoral, toda vez que el OPLE exige recabar la firma del 3 por ciento de los electores inscritos en la lista nominal, en poco tiempo.<\/p>\n\n\n\n<p>\u201cNo ser\u00e1 posible llegar a la meta establecida, las barreras insalvables que se ponen a las candidaturas independientes son evidentes. Habremos de anteponer nuestra queja formal ante instancias correspondientes para que cambie la legislaci\u00f3n vigente\u201d, se lee en uno de sus twits.<\/p>\n\n\n\n<p>El OPLE a\u00fan no ha confirmado la salida de Arias Lovillo en la lista de aspirantes a candidaturas independientes para la votaci\u00f3n del pr\u00f3ximo 6 de junio.<\/p>\n\n\n\n<p>El pasado 3 de febrero, un grupo de aspirantes a candidaturas independientes protest\u00f3 afuera del OPLE, para exigir la ampliaci\u00f3n del plazo que les permita recabar firmas y obtener las candidaturas.<\/p>\n\n\n\n<p>Los aspirantes a estas candidaturas ten\u00edan que presentar 13 mil 855 firmas de apoyo, situaci\u00f3n que consideraron excesiva y complicada, debido a que algunos electores no acced\u00edan a tomarse la fotograf\u00eda para cumplir los requisitos en la captaci\u00f3n de firmas.<br>Sin embargo, el plazo para presentarlas era el 22 de febrero y, recientemente, el Consejo General del OPLE someti\u00f3 a votaci\u00f3n y neg\u00f3 ampliar 30 d\u00edas m\u00e1s -hasta el pr\u00f3ximo 25 de marzo- el periodo para la captaci\u00f3n de las firmas de apoyo.<\/p>\n\n\n\n<p>Sin embargo, los magistrados del Tribunal Electoral del Estado de Veracruz (TEV) acordaron ampliar el plazo hasta el pr\u00f3ximo 28 de febrero.<\/p>\n\n\n\n<p>Cabe recordar que a nivel estatal hab\u00edan sido registrados 27 aspirantes a candidaturas independientes: 25 para alcald\u00edas y dos diputaciones locales.<\/p>\n","protected":false},"excerpt":{"rendered":"<p>Juan Arcos Xalapa, Ver.- El Organismo P\u00fablico Local Electoral (OPLE) report\u00f3 que siete personas declinaron a su aspiraci\u00f3n como candidatos independientes a presidencias municipales en el estado de Veracruz. Entre ellos, se encuentran Antonio Frutis Montes de Oca y Juan Escobar Salazar, aspirantes a la alcald\u00eda de Xalapa, as\u00ed como tambi\u00e9n, Jos\u00e9 Ernesto Landeros Velazco, [&hellip;]<\/p>\n","protected":false},"author":1,"featured_media":11400,"comment_status":"open","ping_status":"open","sticky":false,"template":"","format":"standard","meta":{"_jetpack_memberships_contains_paid_content":false,"footnotes":""},"categories":[2],"tags":[],"class_list":["post-11399","post","type-post","status-publish","format-standard","has-post-thumbnail","hentry","category-estado"],"jetpack_featured_media_url":"https:\/\/encuentroinformativo.com.mx\/wp-content\/uploads\/2021\/02\/9E6DC49E-9D0D-4AEE-A4F2-B0DECDF74E3A.jpeg","jetpack_sharing_enabled":true,"jetpack_likes_enabled":true,"amp_enabled":true,"_links":{"self":[{"href":"https:\/\/encuentroinformativo.com.mx\/index.php?rest_route=\/wp\/v2\/posts\/11399","targetHints":{"allow":["GET"]}}],"collection":[{"href":"https:\/\/encuentroinformativo.com.mx\/index.php?rest_route=\/wp\/v2\/posts"}],"about":[{"href":"https:\/\/encuentroinformativo.com.mx\/index.php?rest_route=\/wp\/v2\/types\/post"}],"author":[{"embeddable":true,"href":"https:\/\/encuentroinformativo.com.mx\/index.php?rest_route=\/wp\/v2\/users\/1"}],"replies":[{"embeddable":true,"href":"https:\/\/encuentroinformativo.com.mx\/index.php?rest_route=%2Fwp%2Fv2%2Fcomments&post=11399"}],"version-history":[{"count":1,"href":"https:\/\/encuentroinformativo.com.mx\/index.php?rest_route=\/wp\/v2\/posts\/11399\/revisions"}],"predecessor-version":[{"id":11401,"href":"https:\/\/encuentroinformativo.com.mx\/index.php?rest_route=\/wp\/v2\/posts\/11399\/revisions\/11401"}],"wp:featuredmedia":[{"embeddable":true,"href":"https:\/\/encuentroinformativo.com.mx\/index.php?rest_route=\/wp\/v2\/media\/11400"}],"wp:attachment":[{"href":"https:\/\/encuentroinformativo.com.mx\/index.php?rest_route=%2Fwp%2Fv2%2Fmedia&parent=11399"}],"wp:term":[{"taxonomy":"category","embeddable":true,"href":"https:\/\/encuentroinformativo.com.mx\/index.php?rest_route=%2Fwp%2Fv2%2Fcategories&post=11399"},{"taxonomy":"post_tag","embeddable":true,"href":"https:\/\/encuentroinformativo.com.mx\/index.php?rest_route=%2Fwp%2Fv2%2Ftags&post=11399"}],"curies":[{"name":"wp","href":"https:\/\/api.w.org\/{rel}","templated":true}]}}