{"id":11415,"date":"2021-02-23T10:57:47","date_gmt":"2021-02-23T16:57:47","guid":{"rendered":"https:\/\/encuentroinformativo.com.mx\/?p=11415"},"modified":"2021-02-23T10:57:49","modified_gmt":"2021-02-23T16:57:49","slug":"la-encuesta-chiquiyunes-y-exsome","status":"publish","type":"post","link":"https:\/\/encuentroinformativo.com.mx\/?p=11415","title":{"rendered":"La encuesta Chiquiyunes y Exsome"},"content":{"rendered":"\n<p><strong>Los Pol\u00edticos<\/strong><\/p>\n\n\n\n<p><strong>Salvador Mu\u00f1oz<\/strong><\/p>\n\n\n\n<p>Hay algunos puntos que llaman mucho la atenci\u00f3n con respecto al bolet\u00edn que circul\u00f3 sobre una encuesta de Parametr\u00eda (sus malquerientes le llaman \u201cParamentira\u201d), donde el tema central es la presidencia municipal de Veracruz y cuyo resultado simple, de acuerdo al trabajo de esta empresa, es que Miguel \u00c1ngel Yunes M\u00e1rquez pierde ante Ricardo Exsome por ligera ventaja\u2026 vayamos por partes\u2026<\/p>\n\n\n\n<p>El primer punto son los participantes en esta encuesta, aunque en una de \u00e9sas, igual llaman la atenci\u00f3n los ausentes.<\/p>\n\n\n\n<p>La encuesta que circul\u00f3, se centra en tres personajes que, de acuerdo a la encuestadora, han de disputar la presidencia municipal de Veracruz: Miguel \u00c1ngel Yunes M\u00e1rquez, Ricardo Exsome y Sergio Gil Rull\u00e1n.<\/p>\n\n\n\n<p>Si usted como yo igual se sorprendi\u00f3, entonces no estoy tan mal\u2026 creo que a nadie extra\u00f1a la presencia de Miguel \u00c1ngel Yunes M\u00e1rquez en dicha encuesta; igual, en una de \u00e9sas, vemos a Exsome compitiendo por la silla municipal aunque de acuerdo a sondeos y prospectivas tanto del PAN como de Morena, el legislador federal estaba en mejores condiciones de competir por la reelecci\u00f3n que por la alcald\u00eda\u2026 y sin hacer menos al dirigente estatal de Movimiento Ciudadano que est\u00e1 m\u00e1s para estar en la lista de los plurinominales por su partido que para esta contienda municipal, su s\u00f3lo nombre da lugar para preguntarse \u00bfpor qu\u00e9 Parametr\u00eda meter\u00eda a Gil Rull\u00e1n? Peor a\u00fan: \u00bfQui\u00e9n enga\u00f1\u00f3 a Parametr\u00eda para meter al dirigente naranja en esta encuesta? \u00a1A\u00fan m\u00e1s \u201cpior\u201d!: \u00bfQu\u00e9 seriedad le da la encuestadora a su trabajo cuando es incapaz de acercarse un m\u00ednimo a la realidad porte\u00f1a donde hasta el momento, la l\u00f3gica traza que la contienda ser\u00e1 entre PAN y Morena? \u00bfPor qu\u00e9? porque ambos partidos son entidades de poder, uno municipal; el otro, estatal.<\/p>\n\n\n\n<p>Lo cierto es que Sergio Gil Rull\u00e1n entra a la encuesta por haber competido en el pasado proceso electoral como candidato a la curul, aunque entonces, si es as\u00ed, igual se debi\u00f3 incorporar la figura de Rosa Mar\u00eda Hern\u00e1ndez Espejo, quien por cierto, igual est\u00e1 mejor posicionada que cualquier candidato del PAN a la curul federal&#8230;<\/p>\n\n\n\n<p>El segundo punto es el ausente.<\/p>\n\n\n\n<p>Es claro que para Parametr\u00eda, Bingen Rementer\u00eda est\u00e1 descartado de la contienda al dar paso s\u00f3lo en la encuesta a Miguel \u00c1ngel Yunes M\u00e1rquez.<\/p>\n\n\n\n<p>La ausencia al menos en este bolet\u00edn que se difundi\u00f3 en redes sociales, con la sola menci\u00f3n de Yunes M\u00e1rquez, de manera t\u00e1cita es ver ya fuera de cualquier posibilidad a Bingen Rementer\u00eda\u2026 al menos que\u2026 S\u00ed, al menos que en el resto de la encuesta salga mal parado y no lo hayan querido exhibir\u2026<\/p>\n\n\n\n<p>El tercer punto a destacar es que esta encuesta se realiz\u00f3 del 25 al 29 de enero. A qu\u00e9 voy con esto\u2026 es decir que se realiz\u00f3 antes de la elecci\u00f3n interna del PAN donde sali\u00f3 vencedor Miguel \u00c1ngel Yunes M\u00e1rquez. El asunto a tratar en este apartado es que c\u00f3mo cambian las cosas en tan poco tiempo\u2026 y el ejemplo m\u00e1s claro de ello, es la posici\u00f3n de Ricardo Exsome en estos momentos despu\u00e9s de su actuaci\u00f3n ante la Reforma El\u00e9ctrica propuesta por Andr\u00e9s Manuel L\u00f3pez Obrador: Se abstuvo, que en castellano, no es otra cosa m\u00e1s que aprobar en la complicidad del silencio lo que los empresarios aseguran, ha de repercutir en alzas a las tarifas y ausencia de inversi\u00f3n y empleo\u2026 ojal\u00e1 que no\u2026 pero ya se ver\u00e1 en los recibos de luz y para que lleguemos a las urnas, todav\u00eda falta tiempo, pero ya podemos checar el precio de la gasolina&#8230; casi 25 pesos el litro en Premium\u2026<\/p>\n\n\n\n<p>Ser\u00eda interesante conocer una encuesta fresca, de estos d\u00edas, ahora que Parametr\u00eda tiene definido en Yunes M\u00e1rquez al candidato del PAN a la alcald\u00eda contra el probable ungido de Morena, Exsome, despu\u00e9s de que los empresarios le han manifestado su rechazo por su trabajo en el congreso\u2026<\/p>\n\n\n\n<p><a href=\"mailto:smcainito@gmail.com\" target=\"_blank\" rel=\"noreferrer noopener\">smcainito@gmail.com<\/a><\/p>\n","protected":false},"excerpt":{"rendered":"<p>Los Pol\u00edticos Salvador Mu\u00f1oz Hay algunos puntos que llaman mucho la atenci\u00f3n con respecto al bolet\u00edn que circul\u00f3 sobre una encuesta de Parametr\u00eda (sus malquerientes le llaman \u201cParamentira\u201d), donde el tema central es la presidencia municipal de Veracruz y cuyo resultado simple, de acuerdo al trabajo de esta empresa, es que Miguel \u00c1ngel Yunes M\u00e1rquez [&hellip;]<\/p>\n","protected":false},"author":1,"featured_media":70,"comment_status":"open","ping_status":"open","sticky":false,"template":"","format":"standard","meta":{"_jetpack_memberships_contains_paid_content":false,"footnotes":""},"categories":[11],"tags":[],"class_list":["post-11415","post","type-post","status-publish","format-standard","has-post-thumbnail","hentry","category-opinion"],"jetpack_featured_media_url":"https:\/\/encuentroinformativo.com.mx\/wp-content\/uploads\/2020\/02\/opinion-invitado.jpg","jetpack_sharing_enabled":true,"jetpack_likes_enabled":true,"amp_enabled":true,"_links":{"self":[{"href":"https:\/\/encuentroinformativo.com.mx\/index.php?rest_route=\/wp\/v2\/posts\/11415","targetHints":{"allow":["GET"]}}],"collection":[{"href":"https:\/\/encuentroinformativo.com.mx\/index.php?rest_route=\/wp\/v2\/posts"}],"about":[{"href":"https:\/\/encuentroinformativo.com.mx\/index.php?rest_route=\/wp\/v2\/types\/post"}],"author":[{"embeddable":true,"href":"https:\/\/encuentroinformativo.com.mx\/index.php?rest_route=\/wp\/v2\/users\/1"}],"replies":[{"embeddable":true,"href":"https:\/\/encuentroinformativo.com.mx\/index.php?rest_route=%2Fwp%2Fv2%2Fcomments&post=11415"}],"version-history":[{"count":1,"href":"https:\/\/encuentroinformativo.com.mx\/index.php?rest_route=\/wp\/v2\/posts\/11415\/revisions"}],"predecessor-version":[{"id":11416,"href":"https:\/\/encuentroinformativo.com.mx\/index.php?rest_route=\/wp\/v2\/posts\/11415\/revisions\/11416"}],"wp:featuredmedia":[{"embeddable":true,"href":"https:\/\/encuentroinformativo.com.mx\/index.php?rest_route=\/wp\/v2\/media\/70"}],"wp:attachment":[{"href":"https:\/\/encuentroinformativo.com.mx\/index.php?rest_route=%2Fwp%2Fv2%2Fmedia&parent=11415"}],"wp:term":[{"taxonomy":"category","embeddable":true,"href":"https:\/\/encuentroinformativo.com.mx\/index.php?rest_route=%2Fwp%2Fv2%2Fcategories&post=11415"},{"taxonomy":"post_tag","embeddable":true,"href":"https:\/\/encuentroinformativo.com.mx\/index.php?rest_route=%2Fwp%2Fv2%2Ftags&post=11415"}],"curies":[{"name":"wp","href":"https:\/\/api.w.org\/{rel}","templated":true}]}}