{"id":11437,"date":"2021-02-23T15:22:53","date_gmt":"2021-02-23T21:22:53","guid":{"rendered":"https:\/\/encuentroinformativo.com.mx\/?p=11437"},"modified":"2021-02-23T15:23:23","modified_gmt":"2021-02-23T21:23:23","slug":"reprochan-xalapenos-hechos-de-inseguridad-al-alcalde","status":"publish","type":"post","link":"https:\/\/encuentroinformativo.com.mx\/?p=11437","title":{"rendered":"Reprochan xalape\u00f1os hechos de inseguridad al alcalde"},"content":{"rendered":"\n<p><strong>Dar\u00edo Pale <\/strong><\/p>\n\n\n\n<p>Xalapa, Ver.- Debido a que la polic\u00eda municipal pudiera estar involucrada en la desaparici\u00f3n de una persona, el padre de esta reclam\u00f3 al alcalde de Xalapa Hip\u00f3lito Rodr\u00edguez Herrero su atenci\u00f3n ya que su hijo lleva desaparecido m\u00e1s de un mes.<\/p>\n\n\n\n<p>Aprovechando la ocasi\u00f3n de que entrevistan al alcalde en las calles del centro de la capital esta persona lo abord\u00f3 a quien le coment\u00f3, &#8220;se\u00f1or esto es muy importante, la Polic\u00eda Municipal est\u00e1 corrompida y yo creo que usted no lo sabe, mi hijo fue secuestrado ya tiene m\u00e1s de un mes y ellos estaban encapsul\u00e1ndonos&#8221;.<\/p>\n\n\n\n<p>\u201cMi nuera le habl\u00f3 a mi hijo y le dijo en altavoz: no hagas nada, ellos te van a hablar y nadie hizo nada de los que estaban ah\u00ed. Lo \u00fanico que hac\u00edan era encapsularnos se\u00f1or. Yo le pido a usted con todo el coraz\u00f3n que por favor piense en nosotros&#8221;, agreg\u00f3 consternado.<\/p>\n\n\n\n<p>El padre de familia asegur\u00f3 que diariamente hay gente, j\u00f3venes, se\u00f1oritas, ni\u00f1as, ni\u00f1os secuestrados en la capital del Estado,\u00a0&#8220;estamos en primer lugar en secuestros a nivel nacional no s\u00e9 si lo sepa usted o no&#8221;, le reproch\u00f3 al edil y record\u00f3 que la Ciudad no era as\u00ed, no se presentaban este tipo de delitos.<\/p>\n\n\n\n<p>Por ello, pregunt\u00f3 por qu\u00e9 el Ej\u00e9rcito Mexicano abandon\u00f3 el municipio, &#8220;porque no es justo, quieren que andemos armados o qu\u00e9 es lo que quieren se\u00f1or&#8221;, le cuestion\u00f3 al Alcalde y \u00e9ste s\u00f3lo se limit\u00f3 a decirle que le tomar\u00edan sus datos para atenderlo porque lo que le dijo le preocupa mucho.<\/p>\n\n\n\n<p>Finalmente el padre de familia le expres\u00f3 que consideraba que era una persona muy buena y que por eso se atrevi\u00f3 a abordarlo, lamentablemente no\u00a0se pudo recabar los datos del se\u00f1or porque personal del Ayuntamiento se lo llev\u00f3.<\/p>\n","protected":false},"excerpt":{"rendered":"<p>Dar\u00edo Pale Xalapa, Ver.- Debido a que la polic\u00eda municipal pudiera estar involucrada en la desaparici\u00f3n de una persona, el padre de esta reclam\u00f3 al alcalde de Xalapa Hip\u00f3lito Rodr\u00edguez Herrero su atenci\u00f3n ya que su hijo lleva desaparecido m\u00e1s de un mes. Aprovechando la ocasi\u00f3n de que entrevistan al alcalde en las calles del [&hellip;]<\/p>\n","protected":false},"author":1,"featured_media":11438,"comment_status":"open","ping_status":"open","sticky":false,"template":"","format":"standard","meta":{"_jetpack_memberships_contains_paid_content":false,"footnotes":""},"categories":[3],"tags":[],"class_list":["post-11437","post","type-post","status-publish","format-standard","has-post-thumbnail","hentry","category-xalapa"],"jetpack_featured_media_url":"https:\/\/encuentroinformativo.com.mx\/wp-content\/uploads\/2021\/02\/12CB8A62-4928-4005-8E23-FBC58DE37EB4.jpeg","jetpack_sharing_enabled":true,"jetpack_likes_enabled":true,"amp_enabled":true,"_links":{"self":[{"href":"https:\/\/encuentroinformativo.com.mx\/index.php?rest_route=\/wp\/v2\/posts\/11437","targetHints":{"allow":["GET"]}}],"collection":[{"href":"https:\/\/encuentroinformativo.com.mx\/index.php?rest_route=\/wp\/v2\/posts"}],"about":[{"href":"https:\/\/encuentroinformativo.com.mx\/index.php?rest_route=\/wp\/v2\/types\/post"}],"author":[{"embeddable":true,"href":"https:\/\/encuentroinformativo.com.mx\/index.php?rest_route=\/wp\/v2\/users\/1"}],"replies":[{"embeddable":true,"href":"https:\/\/encuentroinformativo.com.mx\/index.php?rest_route=%2Fwp%2Fv2%2Fcomments&post=11437"}],"version-history":[{"count":1,"href":"https:\/\/encuentroinformativo.com.mx\/index.php?rest_route=\/wp\/v2\/posts\/11437\/revisions"}],"predecessor-version":[{"id":11439,"href":"https:\/\/encuentroinformativo.com.mx\/index.php?rest_route=\/wp\/v2\/posts\/11437\/revisions\/11439"}],"wp:featuredmedia":[{"embeddable":true,"href":"https:\/\/encuentroinformativo.com.mx\/index.php?rest_route=\/wp\/v2\/media\/11438"}],"wp:attachment":[{"href":"https:\/\/encuentroinformativo.com.mx\/index.php?rest_route=%2Fwp%2Fv2%2Fmedia&parent=11437"}],"wp:term":[{"taxonomy":"category","embeddable":true,"href":"https:\/\/encuentroinformativo.com.mx\/index.php?rest_route=%2Fwp%2Fv2%2Fcategories&post=11437"},{"taxonomy":"post_tag","embeddable":true,"href":"https:\/\/encuentroinformativo.com.mx\/index.php?rest_route=%2Fwp%2Fv2%2Ftags&post=11437"}],"curies":[{"name":"wp","href":"https:\/\/api.w.org\/{rel}","templated":true}]}}