{"id":11444,"date":"2021-02-23T17:09:55","date_gmt":"2021-02-23T23:09:55","guid":{"rendered":"https:\/\/encuentroinformativo.com.mx\/?p=11444"},"modified":"2021-02-23T17:09:57","modified_gmt":"2021-02-23T23:09:57","slug":"se-oponen-locatarios-a-demolicion-de-mercado","status":"publish","type":"post","link":"https:\/\/encuentroinformativo.com.mx\/?p=11444","title":{"rendered":"Se oponen locatarios a demolici\u00f3n de Mercado"},"content":{"rendered":"\n<p><strong>Juan Arcos<\/strong> <\/p>\n\n\n\n<p>Xalapa, Ver.- El mercado gastron\u00f3mico \u201cAdolfo Ruiz Cortines&#8221; no ser\u00e1 reconstruido ni remodelado si los locatarios se oponen a la obra programada por la Secretar\u00eda de Desarrollo Agrario, Territorial y Urbano (Sedatu).<\/p>\n\n\n\n<p>As\u00ed lo dio a conocer Antonino Jim\u00e9nez S\u00e1nchez, representante del recinto comercial, mejor conocido como \u201cLa Rotonda\u201d, que se encuentra sobre la calle Revoluci\u00f3n.<\/p>\n\n\n\n<p>El entrevistado indic\u00f3 que el personal de Sedatu realiz\u00f3 un recorrido, la ma\u00f1ana del lunes 22 de febrero, para conocer en qu\u00e9 condiciones se encuentra el inmueble.<\/p>\n\n\n\n<p>Posteriormente, los locatarios sostuvieron una reuni\u00f3n con ellos en el Centro Recreativo Xalape\u00f1o, donde se les notific\u00f3 verbalmente que la intenci\u00f3n de la dependencia federal es demoler el edificio.<\/p>\n\n\n\n<p>&#8220;La l\u00ednea que ellos traen no contempla una remodelaci\u00f3n, sino una reconstrucci\u00f3n. Que remodelar es m\u00e1s caro que construir, eso es lo que ellos mencionan\u201d, expres\u00f3.<\/p>\n\n\n\n<p>Jim\u00e9nez S\u00e1nchez destac\u00f3 que los locatarios se oponen a la demolici\u00f3n del mercado y buscar\u00e1n que el proyecto de la Sedatu s\u00f3lo contemple la remodelaci\u00f3n del mismo.<\/p>\n\n\n\n<p>&#8220;Comentaron que si en alg\u00fan momento no lleg\u00e1bamos a un acuerdo general entre los locatarios, podr\u00eda ser que no se llevara a cabo ning\u00fan proyecto, ni siquiera de remodelaci\u00f3n\u201d.<\/p>\n\n\n\n<p>Sin embargo, los comerciantes de comida no est\u00e1n convencidos de que dicho acuerdo sea respetado, toda vez fue se ha planteado esa postura de manera verbal y se requiere por escrito.<\/p>\n","protected":false},"excerpt":{"rendered":"<p>Juan Arcos Xalapa, Ver.- El mercado gastron\u00f3mico \u201cAdolfo Ruiz Cortines&#8221; no ser\u00e1 reconstruido ni remodelado si los locatarios se oponen a la obra programada por la Secretar\u00eda de Desarrollo Agrario, Territorial y Urbano (Sedatu). As\u00ed lo dio a conocer Antonino Jim\u00e9nez S\u00e1nchez, representante del recinto comercial, mejor conocido como \u201cLa Rotonda\u201d, que se encuentra sobre [&hellip;]<\/p>\n","protected":false},"author":1,"featured_media":11445,"comment_status":"open","ping_status":"open","sticky":false,"template":"","format":"standard","meta":{"_jetpack_memberships_contains_paid_content":false,"footnotes":""},"categories":[3],"tags":[],"class_list":["post-11444","post","type-post","status-publish","format-standard","has-post-thumbnail","hentry","category-xalapa"],"jetpack_featured_media_url":"https:\/\/encuentroinformativo.com.mx\/wp-content\/uploads\/2021\/02\/FB7F2DD5-8218-452B-9045-451AF304BEB5.jpeg","jetpack_sharing_enabled":true,"jetpack_likes_enabled":true,"amp_enabled":true,"_links":{"self":[{"href":"https:\/\/encuentroinformativo.com.mx\/index.php?rest_route=\/wp\/v2\/posts\/11444","targetHints":{"allow":["GET"]}}],"collection":[{"href":"https:\/\/encuentroinformativo.com.mx\/index.php?rest_route=\/wp\/v2\/posts"}],"about":[{"href":"https:\/\/encuentroinformativo.com.mx\/index.php?rest_route=\/wp\/v2\/types\/post"}],"author":[{"embeddable":true,"href":"https:\/\/encuentroinformativo.com.mx\/index.php?rest_route=\/wp\/v2\/users\/1"}],"replies":[{"embeddable":true,"href":"https:\/\/encuentroinformativo.com.mx\/index.php?rest_route=%2Fwp%2Fv2%2Fcomments&post=11444"}],"version-history":[{"count":1,"href":"https:\/\/encuentroinformativo.com.mx\/index.php?rest_route=\/wp\/v2\/posts\/11444\/revisions"}],"predecessor-version":[{"id":11446,"href":"https:\/\/encuentroinformativo.com.mx\/index.php?rest_route=\/wp\/v2\/posts\/11444\/revisions\/11446"}],"wp:featuredmedia":[{"embeddable":true,"href":"https:\/\/encuentroinformativo.com.mx\/index.php?rest_route=\/wp\/v2\/media\/11445"}],"wp:attachment":[{"href":"https:\/\/encuentroinformativo.com.mx\/index.php?rest_route=%2Fwp%2Fv2%2Fmedia&parent=11444"}],"wp:term":[{"taxonomy":"category","embeddable":true,"href":"https:\/\/encuentroinformativo.com.mx\/index.php?rest_route=%2Fwp%2Fv2%2Fcategories&post=11444"},{"taxonomy":"post_tag","embeddable":true,"href":"https:\/\/encuentroinformativo.com.mx\/index.php?rest_route=%2Fwp%2Fv2%2Ftags&post=11444"}],"curies":[{"name":"wp","href":"https:\/\/api.w.org\/{rel}","templated":true}]}}