{"id":11462,"date":"2021-02-24T12:14:56","date_gmt":"2021-02-24T18:14:56","guid":{"rendered":"https:\/\/encuentroinformativo.com.mx\/?p=11462"},"modified":"2021-02-24T12:14:59","modified_gmt":"2021-02-24T18:14:59","slug":"vacunacion-para-docentes-sera-con-semaforos-verdes-delegado","status":"publish","type":"post","link":"https:\/\/encuentroinformativo.com.mx\/?p=11462","title":{"rendered":"Vacunaci\u00f3n para docentes ser\u00e1 con sem\u00e1foros verdes: Delegado"},"content":{"rendered":"\n<p><strong>Dar\u00edo Pale <\/strong><\/p>\n\n\n\n<p>Xalapa, Ver.- Hasta que no haya dos sem\u00e1foros consecutivos en verde la vacunaci\u00f3n para los docentes ser\u00e1 una prioridad para que reintegren a las clases presenciales as\u00ed lo inform\u00f3 el\u00a0delegado de los programas de desarrollo de la Secretar\u00eda del Bienestar, Manuel Huerta Ladr\u00f3n de Guevara.<\/p>\n\n\n\n<p>Entrevistado en los bajos de palacio de gobierno se\u00f1al\u00f3 que,\u00a0&#8220;eso va a ser otro nivel de prioridad que va a ser la tercera, pero tiene que ver con los sem\u00e1foros verdes, hasta que haya dos sem\u00e1foros verdes vamos a tener esa prioridad, vamos a bien&#8221;.<\/p>\n\n\n\n<p>Por lo que se\u00f1al\u00f3 que una vez que se re\u00fanan esos requisitos y despu\u00e9s se vacunen, entonces ya habr\u00e1 regreso presencial a clases.<\/p>\n\n\n\n<p>Respecto de la vacunaci\u00f3n a los adultos mayores, indic\u00f3 que para el municipio de Cosoleacaque se vacunar\u00e1n a poco m\u00e1s de 14 mil personas.<\/p>\n\n\n\n<p>&#8220;Son poco m\u00e1s de 20 mil para esta segunda dosis y hay una cantidad importante de ellas que van al municipio de Cosoleacaque que es el primer municipio que vamos a atender con una cantidad de adultos mayores que sobrepasa los 14 mil que est\u00e1n en ese municipio&#8221;, inform\u00f3.<\/p>\n\n\n\n<p>Finamente, desminti\u00f3 que\u00a0haya habido p\u00e9rdida de dosis por falta de la refrigeraci\u00f3n adecuada, al igual que\u00a0neg\u00f3 que el programa <em>Sembrando Vida <\/em>no haya dado resultados y refiri\u00f3 que el Presidente ya lo aclar\u00f3, &#8220;ya hasta el auditor tuvo que reconsiderar sus dichos, todo va marchando bien y lo que se tenga que responder a los \u00f3rganos se responde&#8221;.<\/p>\n","protected":false},"excerpt":{"rendered":"<p>Dar\u00edo Pale Xalapa, Ver.- Hasta que no haya dos sem\u00e1foros consecutivos en verde la vacunaci\u00f3n para los docentes ser\u00e1 una prioridad para que reintegren a las clases presenciales as\u00ed lo inform\u00f3 el\u00a0delegado de los programas de desarrollo de la Secretar\u00eda del Bienestar, Manuel Huerta Ladr\u00f3n de Guevara. Entrevistado en los bajos de palacio de gobierno [&hellip;]<\/p>\n","protected":false},"author":1,"featured_media":11463,"comment_status":"open","ping_status":"open","sticky":false,"template":"","format":"standard","meta":{"_jetpack_memberships_contains_paid_content":false,"footnotes":""},"categories":[9],"tags":[],"class_list":["post-11462","post","type-post","status-publish","format-standard","has-post-thumbnail","hentry","category-salud"],"jetpack_featured_media_url":"https:\/\/encuentroinformativo.com.mx\/wp-content\/uploads\/2021\/02\/A69A1D8B-ECBA-4C10-8DBA-27F1C53A1004.jpeg","jetpack_sharing_enabled":true,"jetpack_likes_enabled":true,"amp_enabled":true,"_links":{"self":[{"href":"https:\/\/encuentroinformativo.com.mx\/index.php?rest_route=\/wp\/v2\/posts\/11462","targetHints":{"allow":["GET"]}}],"collection":[{"href":"https:\/\/encuentroinformativo.com.mx\/index.php?rest_route=\/wp\/v2\/posts"}],"about":[{"href":"https:\/\/encuentroinformativo.com.mx\/index.php?rest_route=\/wp\/v2\/types\/post"}],"author":[{"embeddable":true,"href":"https:\/\/encuentroinformativo.com.mx\/index.php?rest_route=\/wp\/v2\/users\/1"}],"replies":[{"embeddable":true,"href":"https:\/\/encuentroinformativo.com.mx\/index.php?rest_route=%2Fwp%2Fv2%2Fcomments&post=11462"}],"version-history":[{"count":1,"href":"https:\/\/encuentroinformativo.com.mx\/index.php?rest_route=\/wp\/v2\/posts\/11462\/revisions"}],"predecessor-version":[{"id":11464,"href":"https:\/\/encuentroinformativo.com.mx\/index.php?rest_route=\/wp\/v2\/posts\/11462\/revisions\/11464"}],"wp:featuredmedia":[{"embeddable":true,"href":"https:\/\/encuentroinformativo.com.mx\/index.php?rest_route=\/wp\/v2\/media\/11463"}],"wp:attachment":[{"href":"https:\/\/encuentroinformativo.com.mx\/index.php?rest_route=%2Fwp%2Fv2%2Fmedia&parent=11462"}],"wp:term":[{"taxonomy":"category","embeddable":true,"href":"https:\/\/encuentroinformativo.com.mx\/index.php?rest_route=%2Fwp%2Fv2%2Fcategories&post=11462"},{"taxonomy":"post_tag","embeddable":true,"href":"https:\/\/encuentroinformativo.com.mx\/index.php?rest_route=%2Fwp%2Fv2%2Ftags&post=11462"}],"curies":[{"name":"wp","href":"https:\/\/api.w.org\/{rel}","templated":true}]}}