{"id":1147,"date":"2020-03-21T12:16:40","date_gmt":"2020-03-21T18:16:40","guid":{"rendered":"https:\/\/encuentroinformativo.com\/?p=1147"},"modified":"2020-03-21T12:16:42","modified_gmt":"2020-03-21T18:16:42","slug":"morir-de-covid-o-de-hambre","status":"publish","type":"post","link":"https:\/\/encuentroinformativo.com.mx\/?p=1147","title":{"rendered":"\u00bfMorir de Covid o de hambre?"},"content":{"rendered":"\n<p><strong>N\u00fameros Rojos<\/strong><\/p>\n\n\n\n<p><strong>Brenda Caballero<\/strong><\/p>\n\n\n\n<p>\u00a1Es in\u00fatil! Donde quiera que volteemos, el COVID-19 se hace presente. Amanecemos con COVID-19, trabajamos con COVID-19, compramos con COVID-19, viajamos con COVID-19 y dormimos con COVID-19.<\/p>\n\n\n\n<p>Para algunas personas, esta pandemia es nueva; para otros, ya nos toc\u00f3 vivir el H1N1; aunque siendo realistas, no hab\u00eda tenido tanto impacto en la humanidad como el llamado Coronavirus.<\/p>\n\n\n\n<p>He perdido la cuenta del n\u00famero de veces&nbsp;&nbsp;que me lavo las manos al d\u00eda; del n\u00famero de veces que me echo gel en las manos; o de las veces que he dejado de tocarme la cara. Todo indica que la \u00fanica arma que tenemos como mortales contra el virus ha estado dando resultados. Vemos gel y nos queremos echar en las manos; un lavabo, y buscamos el jab\u00f3n para tallarnos de inmediato.<\/p>\n\n\n\n<p>Sin embargo, no todos o todas pensamos igual. Hay a quienes simplemente les vale y no toman las medidas recomendadas para evitar el contagio o simplemente no pueden hacerlo porque el gel ha volado de los supermercados. Ah, pero ante la tragedia, la oportunidad, y ya circula en redes la venta de geles Anti-Covid-19 en varias presentaciones y precios. \u00a1Qui\u00e9n sabe que tengan! pero al menos la sensaci\u00f3n de seguridad y de sentirnos protegidos nos la da.<\/p>\n\n\n\n<p>Y hablando de seguridad, en estos momentos es lo que necesitamos, m\u00e1s all\u00e1 de la protecci\u00f3n a la salud, pues el COVID-19 pasar\u00e1, como ya lo hemos visto en China, que no presenta ning\u00fan nuevo contagio; necesitamos saber que tenemos estabilidad econ\u00f3mica y m\u00e1s a\u00fan cuando el d\u00f3lar llega hist\u00f3ricamente a 25 pesos con 11 centavos.<\/p>\n\n\n\n<p>\u00bfQu\u00e9 espera el presidente para dar certeza econ\u00f3mica a la poblaci\u00f3n?<\/p>\n\n\n\n<p>Ya varios mandatarios han salido con planes econ\u00f3micos de emergencia: el gobierno de Francia suspende el pago de alquiler, impuestos, agua y luz, as\u00ed como indemnizaciones para los trabajadores que se queden en su casa. En Italia no despedir\u00e1n a ning\u00fan trabajador durante dos meses, adem\u00e1s que si trabajaron durante el confinamiento, recibir\u00e1n un ingreso extra. En Espa\u00f1a&nbsp;&nbsp;les dar\u00e1n fondos privados a los despedidos.<\/p>\n\n\n\n<p>Desde luego, habr\u00e1 quien diga \u201cAh, pero son pa\u00edses europeos\u201d. D\u00e9jeme decirle que ac\u00e1 en Am\u00e9rica, Estados Unidos ya implement\u00f3 un cheque a las personas que ganen hasta 75 mil d\u00f3lares al a\u00f1o, algo as\u00ed como mill\u00f3n y medio de pesos para apoyarlos durante la pandemia. \u00a1Ah, pero es Estados Unidos! Pues no es por desanimar, pero Chile ya sali\u00f3 con su programa de apoyo a Pymes, a los trabajadores se les apoyar\u00e1 con ingresos desde el seguro de cesant\u00eda, se pospondr\u00e1n los impuestos. Incluso, hasta El Salvador, y conste que no es por minimizarlo, sino por recordar que M\u00e9xico hasta lo apoy\u00f3 con recursos econ\u00f3micos para evitar que sus habitantes migraran. All\u00e1, su presidente Nayib Bukele ya suspendi\u00f3 el pago de energ\u00eda el\u00e9ctrica, agua, tel\u00e9fono e hipotecas durante tres meses.<\/p>\n\n\n\n<p>\u00bfY M\u00e9xico? A\u00fan no hay nada, m\u00e1s que incertidumbre en muchos trabajadores que se ir\u00e1n a su casa, de manera \u201cvoluntaria\u201d sin goce de sueldo. A\u00fan no se contagian de COVID, ni tienen s\u00edntomas, pero ya les pega la pandemia ante un gobierno que no puede darles tantita certidumbre econ\u00f3mica. Entonces \u00bfmorir de Covid o de hambre?<\/p>\n\n\n\n<p>@NumerosRojos_BC<\/p>\n\n\n\n<p><a href=\"mailto:caballero_brenda@hotmail.com\" target=\"_blank\" rel=\"noreferrer noopener\">caballero_brenda@hotmail.com<\/a>&nbsp;<\/p>\n\n\n\n<p><\/p>\n","protected":false},"excerpt":{"rendered":"<p>N\u00fameros Rojos Brenda Caballero \u00a1Es in\u00fatil! Donde quiera que volteemos, el COVID-19 se hace presente. Amanecemos con COVID-19, trabajamos con COVID-19, compramos con COVID-19, viajamos con COVID-19 y dormimos con COVID-19. Para algunas personas, esta pandemia es nueva; para otros, ya nos toc\u00f3 vivir el H1N1; aunque siendo realistas, no hab\u00eda tenido tanto impacto en [&hellip;]<\/p>\n","protected":false},"author":1,"featured_media":387,"comment_status":"open","ping_status":"open","sticky":false,"template":"","format":"standard","meta":{"_jetpack_memberships_contains_paid_content":false,"footnotes":""},"categories":[11],"tags":[],"class_list":["post-1147","post","type-post","status-publish","format-standard","has-post-thumbnail","hentry","category-opinion"],"jetpack_featured_media_url":"https:\/\/encuentroinformativo.com.mx\/wp-content\/uploads\/2020\/03\/7CF8A22B-2764-47BE-8F7F-38FE9E5D6A2F.jpeg","jetpack_sharing_enabled":true,"jetpack_likes_enabled":true,"amp_enabled":true,"_links":{"self":[{"href":"https:\/\/encuentroinformativo.com.mx\/index.php?rest_route=\/wp\/v2\/posts\/1147","targetHints":{"allow":["GET"]}}],"collection":[{"href":"https:\/\/encuentroinformativo.com.mx\/index.php?rest_route=\/wp\/v2\/posts"}],"about":[{"href":"https:\/\/encuentroinformativo.com.mx\/index.php?rest_route=\/wp\/v2\/types\/post"}],"author":[{"embeddable":true,"href":"https:\/\/encuentroinformativo.com.mx\/index.php?rest_route=\/wp\/v2\/users\/1"}],"replies":[{"embeddable":true,"href":"https:\/\/encuentroinformativo.com.mx\/index.php?rest_route=%2Fwp%2Fv2%2Fcomments&post=1147"}],"version-history":[{"count":1,"href":"https:\/\/encuentroinformativo.com.mx\/index.php?rest_route=\/wp\/v2\/posts\/1147\/revisions"}],"predecessor-version":[{"id":1148,"href":"https:\/\/encuentroinformativo.com.mx\/index.php?rest_route=\/wp\/v2\/posts\/1147\/revisions\/1148"}],"wp:featuredmedia":[{"embeddable":true,"href":"https:\/\/encuentroinformativo.com.mx\/index.php?rest_route=\/wp\/v2\/media\/387"}],"wp:attachment":[{"href":"https:\/\/encuentroinformativo.com.mx\/index.php?rest_route=%2Fwp%2Fv2%2Fmedia&parent=1147"}],"wp:term":[{"taxonomy":"category","embeddable":true,"href":"https:\/\/encuentroinformativo.com.mx\/index.php?rest_route=%2Fwp%2Fv2%2Fcategories&post=1147"},{"taxonomy":"post_tag","embeddable":true,"href":"https:\/\/encuentroinformativo.com.mx\/index.php?rest_route=%2Fwp%2Fv2%2Ftags&post=1147"}],"curies":[{"name":"wp","href":"https:\/\/api.w.org\/{rel}","templated":true}]}}